{"id":232584,"date":"2025-05-14T14:29:14","date_gmt":"2025-05-14T19:29:14","guid":{"rendered":"https:\/\/www.valledelcocora.com.co\/w\/?p=232584"},"modified":"2025-06-25T13:02:17","modified_gmt":"2025-06-25T18:02:17","slug":"%f0%9f%8c%bf-valle-de-cocora-y-la-palma-de-cera-un-viaje-al-corazon-natural-de-colombia","status":"publish","type":"post","link":"https:\/\/www.valledelcocora.com.co\/w\/%f0%9f%8c%bf-valle-de-cocora-y-la-palma-de-cera-un-viaje-al-corazon-natural-de-colombia\/","title":{"rendered":"\ud83c\udf3f Valle de Cocora y la Palma de Cera: Un Viaje al Coraz\u00f3n Natural de Colombia"},"content":{"rendered":"\n[et_pb_section fb_built=\u00bb1&#8243; _builder_version=\u00bb4.23.1&#8243; _module_preset=\u00bbdefault\u00bb da_disable_devices=\u00bboff|off|off\u00bb global_colors_info=\u00bb{}\u00bb theme_builder_area=\u00bbpost_content\u00bb da_is_popup=\u00bboff\u00bb da_exit_intent=\u00bboff\u00bb da_has_close=\u00bbon\u00bb da_alt_close=\u00bboff\u00bb da_dark_close=\u00bboff\u00bb da_not_modal=\u00bbon\u00bb da_is_singular=\u00bboff\u00bb da_with_loader=\u00bboff\u00bb da_has_shadow=\u00bbon\u00bb][et_pb_row _builder_version=\u00bb4.23.1&#8243; _module_preset=\u00bbdefault\u00bb global_colors_info=\u00bb{}\u00bb theme_builder_area=\u00bbpost_content\u00bb][et_pb_column type=\u00bb4_4&#8243; _builder_version=\u00bb4.23.1&#8243; _module_preset=\u00bbdefault\u00bb global_colors_info=\u00bb{}\u00bb theme_builder_area=\u00bbpost_content\u00bb][et_pb_text _builder_version=\u00bb4.27.4&#8243; _module_preset=\u00bbdefault\u00bb hover_enabled=\u00bb0&#8243; global_colors_info=\u00bb{}\u00bb theme_builder_area=\u00bbpost_content\u00bb sticky_enabled=\u00bb0&#8243;]<p>En el coraz\u00f3n del Quind\u00edo, donde las monta\u00f1as se visten de neblina y el viento susurra secretos ancestrales, se encuentra uno de los paisajes m\u00e1s asombrosos de Sudam\u00e9rica: el <strong data-start=\"452\" data-end=\"471\">Valle de Cocora<\/strong>. Pero \u00bfqu\u00e9 lo hace tan especial? La respuesta est\u00e1 en una habitante silenciosa y monumental: <strong data-start=\"565\" data-end=\"585\">la Palma de Cera<\/strong>, el \u00e1rbol nacional de Colombia.<\/p>[\/et_pb_text][\/et_pb_column][\/et_pb_row][et_pb_row _builder_version=\u00bb4.23.1&#8243; _module_preset=\u00bbdefault\u00bb global_colors_info=\u00bb{}\u00bb theme_builder_area=\u00bbpost_content\u00bb][et_pb_column type=\u00bb4_4&#8243; _builder_version=\u00bb4.23.1&#8243; _module_preset=\u00bbdefault\u00bb global_colors_info=\u00bb{}\u00bb theme_builder_area=\u00bbpost_content\u00bb][et_pb_text _builder_version=\u00bb4.27.4&#8243; _module_preset=\u00bbdefault\u00bb hover_enabled=\u00bb0&#8243; global_colors_info=\u00bb{}\u00bb theme_builder_area=\u00bbpost_content\u00bb sticky_enabled=\u00bb0&#8243;]<h2 data-start=\"619\" data-end=\"683\" class=\"\">\ud83c\udf04 El Origen del Nombre y la Conexi\u00f3n con la Cultura Quimbaya<\/h2>\n<p data-start=\"685\" data-end=\"1041\" class=\"\">Pocos saben que el Valle de Cocora lleva el nombre de una princesa ind\u00edgena: <strong data-start=\"762\" data-end=\"772\">Cocora<\/strong>, hija del cacique Acaime. Su historia \u2014una mezcla de amor, sabidur\u00eda y comuni\u00f3n con la naturaleza\u2014 ha trascendido el tiempo. Se dice que su esp\u00edritu a\u00fan cuida estas tierras, y que si guardas silencio al caminar entre las palmas, puedes sentir su presencia en la brisa.<\/p>\n<h2 data-start=\"1043\" data-end=\"1101\" class=\"\">\ud83c\udf34 La Palma de Cera: Un Gigante Verde que Toca el Cielo<\/h2>\n<p data-start=\"1103\" data-end=\"1458\" class=\"\">\u00bfSab\u00edas que la <strong data-start=\"1118\" data-end=\"1143\">Ceroxylon quindiuense<\/strong>, o Palma de Cera, puede alcanzar hasta <strong data-start=\"1183\" data-end=\"1206\">60 metros de altura<\/strong>? \u00a1Eso es m\u00e1s alto que un edificio de 20 pisos! Es la palma m\u00e1s alta del mundo y crece solo en ecosistemas espec\u00edficos de los Andes colombianos. Adem\u00e1s, puede vivir m\u00e1s de <strong data-start=\"1378\" data-end=\"1390\">100 a\u00f1os<\/strong>, siendo un verdadero testigo del paso del tiempo en estas monta\u00f1as.<\/p>\n<p data-start=\"1460\" data-end=\"1679\" class=\"\">Su superficie cubierta de cera natural, que la protege del fr\u00edo y la humedad, era usada antiguamente para fabricar velas. Sin embargo, su tala indiscriminada en celebraciones religiosas la puso al borde de la extinci\u00f3n.<\/p>[\/et_pb_text][\/et_pb_column][\/et_pb_row][\/et_pb_section][et_pb_section fb_built=\u00bb1&#8243; _builder_version=\u00bb4.23.1&#8243; _module_preset=\u00bbdefault\u00bb da_disable_devices=\u00bboff|off|off\u00bb global_colors_info=\u00bb{}\u00bb theme_builder_area=\u00bbpost_content\u00bb da_is_popup=\u00bboff\u00bb da_exit_intent=\u00bboff\u00bb da_has_close=\u00bbon\u00bb da_alt_close=\u00bboff\u00bb da_dark_close=\u00bboff\u00bb da_not_modal=\u00bbon\u00bb da_is_singular=\u00bboff\u00bb da_with_loader=\u00bboff\u00bb da_has_shadow=\u00bbon\u00bb][et_pb_row _builder_version=\u00bb4.23.1&#8243; _module_preset=\u00bbdefault\u00bb global_colors_info=\u00bb{}\u00bb theme_builder_area=\u00bbpost_content\u00bb][et_pb_column type=\u00bb4_4&#8243; _builder_version=\u00bb4.23.1&#8243; _module_preset=\u00bbdefault\u00bb global_colors_info=\u00bb{}\u00bb theme_builder_area=\u00bbpost_content\u00bb][et_pb_image src=\u00bbhttps:\/\/www.valledelcocora.com.co\/w\/wp-content\/uploads\/2025\/05\/cocora-princesa-quimbaya.jpg\u00bb _builder_version=\u00bb4.27.4&#8243; _module_preset=\u00bbdefault\u00bb theme_builder_area=\u00bbpost_content\u00bb title_text=\u00bbcocora-princesa-quimbaya\u00bb hover_enabled=\u00bb0&#8243; sticky_enabled=\u00bb0&#8243;][\/et_pb_image][\/et_pb_column][\/et_pb_row][\/et_pb_section][et_pb_section fb_built=\u00bb1&#8243; _builder_version=\u00bb4.23.1&#8243; _module_preset=\u00bbdefault\u00bb da_disable_devices=\u00bboff|off|off\u00bb global_colors_info=\u00bb{}\u00bb theme_builder_area=\u00bbpost_content\u00bb da_is_popup=\u00bboff\u00bb da_exit_intent=\u00bboff\u00bb da_has_close=\u00bbon\u00bb da_alt_close=\u00bboff\u00bb da_dark_close=\u00bboff\u00bb da_not_modal=\u00bbon\u00bb da_is_singular=\u00bboff\u00bb da_with_loader=\u00bboff\u00bb da_has_shadow=\u00bbon\u00bb][et_pb_row _builder_version=\u00bb4.23.1&#8243; _module_preset=\u00bbdefault\u00bb global_colors_info=\u00bb{}\u00bb theme_builder_area=\u00bbpost_content\u00bb][et_pb_column type=\u00bb4_4&#8243; _builder_version=\u00bb4.23.1&#8243; _module_preset=\u00bbdefault\u00bb global_colors_info=\u00bb{}\u00bb theme_builder_area=\u00bbpost_content\u00bb][et_pb_text _builder_version=\u00bb4.27.4&#8243; _module_preset=\u00bbdefault\u00bb hover_enabled=\u00bb0&#8243; global_colors_info=\u00bb{}\u00bb theme_builder_area=\u00bbpost_content\u00bb sticky_enabled=\u00bb0&#8243;]<h2 data-start=\"1681\" data-end=\"1722\" class=\"\">\ud83c\udf31 Un Santuario Natural en Resistencia<\/h2>\n<p data-start=\"1724\" data-end=\"2008\" class=\"\">Desde 1985, cuando fue declarada <strong data-start=\"1757\" data-end=\"1787\">\u00e1rbol nacional de Colombia<\/strong>, la Palma de Cera se convirti\u00f3 en un s\u00edmbolo de conservaci\u00f3n. Hoy, gracias a iniciativas ambientales y a la conciencia de visitantes y comunidades locales, este ecosistema se protege como un tesoro vivo de biodiversidad.<\/p>\n<p data-start=\"1724\" data-end=\"2008\" class=\"\">\n<h2 data-start=\"2010\" data-end=\"2056\" class=\"\">\ud83d\udeb6\u200d\u2642\ufe0f Caminatas, Aves y Conexi\u00f3n Espiritual<\/h2>\n<p data-start=\"2058\" data-end=\"2429\" class=\"\">Recorrer el Valle de Cocora no es solo hacer senderismo; es vivir una experiencia transformadora. Aqu\u00ed habitan m\u00e1s de <strong data-start=\"2176\" data-end=\"2200\">200 especies de aves<\/strong>, entre ellas el <strong data-start=\"2217\" data-end=\"2239\">colibr\u00ed coruscante<\/strong> y el enigm\u00e1tico <strong data-start=\"2256\" data-end=\"2278\">p\u00e1jaro barranquero<\/strong>. Las nubes bajas, el verdor infinito y las palmas que se elevan hacia el cielo crean un ambiente que parece sacado de una pel\u00edcula de realismo m\u00e1gico.<\/p>[\/et_pb_text][\/et_pb_column][\/et_pb_row][\/et_pb_section][et_pb_section fb_built=\u00bb1&#8243; _builder_version=\u00bb4.23.1&#8243; _module_preset=\u00bbdefault\u00bb da_disable_devices=\u00bboff|off|off\u00bb global_colors_info=\u00bb{}\u00bb theme_builder_area=\u00bbpost_content\u00bb da_is_popup=\u00bboff\u00bb da_exit_intent=\u00bboff\u00bb da_has_close=\u00bbon\u00bb da_alt_close=\u00bboff\u00bb da_dark_close=\u00bboff\u00bb da_not_modal=\u00bbon\u00bb da_is_singular=\u00bboff\u00bb da_with_loader=\u00bboff\u00bb da_has_shadow=\u00bbon\u00bb][et_pb_row _builder_version=\u00bb4.23.1&#8243; _module_preset=\u00bbdefault\u00bb global_colors_info=\u00bb{}\u00bb theme_builder_area=\u00bbpost_content\u00bb][et_pb_column type=\u00bb4_4&#8243; _builder_version=\u00bb4.23.1&#8243; _module_preset=\u00bbdefault\u00bb global_colors_info=\u00bb{}\u00bb theme_builder_area=\u00bbpost_content\u00bb][et_pb_image src=\u00bbhttps:\/\/www.valledelcocora.com.co\/w\/wp-content\/uploads\/2025\/01\/Experiencia-Bosque-de-Palmas-Galeria-3.jpeg\u00bb title_text=\u00bbExperiencia-Bosque-de-Palmas-Galeria (3)\u00bb _builder_version=\u00bb4.27.4&#8243; _module_preset=\u00bbdefault\u00bb hover_enabled=\u00bb0&#8243; global_colors_info=\u00bb{}\u00bb theme_builder_area=\u00bbpost_content\u00bb sticky_enabled=\u00bb0&#8243;][\/et_pb_image][\/et_pb_column][\/et_pb_row][\/et_pb_section][et_pb_section fb_built=\u00bb1&#8243; _builder_version=\u00bb4.23.1&#8243; _module_preset=\u00bbdefault\u00bb da_disable_devices=\u00bboff|off|off\u00bb global_colors_info=\u00bb{}\u00bb theme_builder_area=\u00bbpost_content\u00bb da_is_popup=\u00bboff\u00bb da_exit_intent=\u00bboff\u00bb da_has_close=\u00bbon\u00bb da_alt_close=\u00bboff\u00bb da_dark_close=\u00bboff\u00bb da_not_modal=\u00bbon\u00bb da_is_singular=\u00bboff\u00bb da_with_loader=\u00bboff\u00bb da_has_shadow=\u00bbon\u00bb][et_pb_row _builder_version=\u00bb4.23.1&#8243; _module_preset=\u00bbdefault\u00bb global_colors_info=\u00bb{}\u00bb theme_builder_area=\u00bbpost_content\u00bb][et_pb_column type=\u00bb4_4&#8243; _builder_version=\u00bb4.23.1&#8243; _module_preset=\u00bbdefault\u00bb global_colors_info=\u00bb{}\u00bb theme_builder_area=\u00bbpost_content\u00bb][et_pb_text _builder_version=\u00bb4.27.4&#8243; _module_preset=\u00bbdefault\u00bb hover_enabled=\u00bb0&#8243; global_colors_info=\u00bb{}\u00bb theme_builder_area=\u00bbpost_content\u00bb sticky_enabled=\u00bb0&#8243;]<h2 data-start=\"2431\" data-end=\"2503\" class=\"\">\ud83c\udf7d\ufe0f Bosques de Cocora Donde Juan B: Sabor, Historia y Naturaleza Viva<\/h2>\n<p data-start=\"2505\" data-end=\"2866\" class=\"\">\u00bfTe imaginas complementar esta experiencia con sabores aut\u00e9nticos de la tierra? En <strong data-start=\"2588\" data-end=\"2622\">Bosques de Cocora Donde Juan B<\/strong>, ubicado en medio del paisaje, vivir\u00e1s una gastronom\u00eda consciente y deliciosa. Nuestra especialidad es la <strong data-start=\"2729\" data-end=\"2746\">trucha fresca<\/strong>, cocinada de m\u00e1s de <strong data-start=\"2767\" data-end=\"2790\">8 maneras distintas<\/strong>, desde el cl\u00e1sico al carb\u00f3n hasta opciones con sabores creativos y locales.<\/p>\n<p data-start=\"2868\" data-end=\"3103\" class=\"\">Usamos productos directamente de nuestra <strong data-start=\"2909\" data-end=\"2928\">huerta org\u00e1nica<\/strong>, lo que garantiza frescura, sostenibilidad y el verdadero sabor de la cocina quindiana. Cada plato es una forma de contar historias del territorio, de la gente, de la tierra.<\/p>\n<h2 data-start=\"3105\" data-end=\"3159\" class=\"\">\ud83c\udf3f M\u00e1s que un Restaurante: Una Experiencia Completa<\/h2>\n<p data-start=\"3161\" data-end=\"3235\" class=\"\">Pero eso no es todo. En <strong data-start=\"3185\" data-end=\"3219\">Bosques de Cocora Donde Juan B<\/strong> tambi\u00e9n puedes:<\/p>\n<ul data-start=\"3237\" data-end=\"3589\">\n<li data-start=\"3237\" data-end=\"3295\" class=\"\">\n<p data-start=\"3239\" data-end=\"3295\" class=\"\"><strong data-start=\"3239\" data-end=\"3253\">Hospedarte<\/strong> en una finca hotel rodeada de naturaleza.<\/p>\n<\/li>\n<li data-start=\"3296\" data-end=\"3356\" class=\"\">\n<p data-start=\"3298\" data-end=\"3356\" class=\"\">Acampar bajo las estrellas en nuestra <strong data-start=\"3336\" data-end=\"3355\">zona de camping<\/strong>.<\/p>\n<\/li>\n<li data-start=\"3357\" data-end=\"3450\" class=\"\">\n<p data-start=\"3359\" data-end=\"3450\" class=\"\">Vivir un <strong data-start=\"3368\" data-end=\"3409\">ritual de siembra de la Palma de Cera<\/strong>, una experiencia espiritual y ecol\u00f3gica.<\/p>\n<\/li>\n<li data-start=\"3451\" data-end=\"3589\" class=\"\">\n<p data-start=\"3453\" data-end=\"3589\" class=\"\">Unirte a nuestras rutas guiadas para conocer la <strong data-start=\"3501\" data-end=\"3524\">Ruta de los L\u00e1cteos<\/strong>, el mundo de los colibr\u00edes y los saberes campesinos del Quind\u00edo.<\/p>\n<\/li>\n<\/ul>[\/et_pb_text][et_pb_text _builder_version=\u00bb4.27.4&#8243; _module_preset=\u00bbdefault\u00bb theme_builder_area=\u00bbpost_content\u00bb hover_enabled=\u00bb0&#8243; sticky_enabled=\u00bb0&#8243;]<p data-start=\"3596\" data-end=\"3657\" class=\"\">\ud83d\udcf8 \u00bfTe apasionan los viajes, la naturaleza y la buena comida?<\/p>\n<p data-start=\"3659\" data-end=\"3911\" class=\"\"><strong data-start=\"3659\" data-end=\"3691\">\u00a1S\u00edguenos en redes sociales!<\/strong><br data-start=\"3691\" data-end=\"3694\" \/>Descubre m\u00e1s de nuestras experiencias, platos, paisajes y tradiciones en <strong data-start=\"3767\" data-end=\"3843\"><a data-start=\"3769\" data-end=\"3841\" rel=\"noopener\" target=\"_new\" class=\"\" href=\"https:\/\/www.instagram.com\/valledelcocora.juanb\/\">@valledelcocora.juanb<\/a><\/strong><br data-start=\"3843\" data-end=\"3846\" \/>Ven, vive y saborea el alma del Valle de Cocora con nosotros. \ud83c\udf34\u2728<\/p>[\/et_pb_text][\/et_pb_column][\/et_pb_row][\/et_pb_section]\n","protected":false},"excerpt":{"rendered":"<p>En el coraz\u00f3n del Quind\u00edo, donde las monta\u00f1as se visten de neblina y el viento susurra secretos ancestrales, se encuentra uno de los paisajes m\u00e1s asombrosos de Sudam\u00e9rica: el Valle de Cocora. Pero \u00bfqu\u00e9 lo hace tan especial? La respuesta est\u00e1 en una habitante silenciosa y monumental: la Palma de Cera, el \u00e1rbol nacional de [&hellip;]<\/p>\n","protected":false},"author":2,"featured_media":232585,"comment_status":"closed","ping_status":"open","sticky":false,"template":"","format":"standard","meta":{"_et_pb_use_builder":"on","_et_pb_old_content":"","_et_gb_content_width":"","_joinchat":[],"footnotes":""},"categories":[116,1],"tags":[125,110,128,100,92],"class_list":["post-232584","post","type-post","status-publish","format-standard","has-post-thumbnail","hentry","category-experiencias","category-uncategorized","tag-montanas","tag-naturaleza","tag-palma-de-cera","tag-restaurante","tag-senderos"],"_links":{"self":[{"href":"https:\/\/www.valledelcocora.com.co\/w\/wp-json\/wp\/v2\/posts\/232584","targetHints":{"allow":["GET"]}}],"collection":[{"href":"https:\/\/www.valledelcocora.com.co\/w\/wp-json\/wp\/v2\/posts"}],"about":[{"href":"https:\/\/www.valledelcocora.com.co\/w\/wp-json\/wp\/v2\/types\/post"}],"author":[{"embeddable":true,"href":"https:\/\/www.valledelcocora.com.co\/w\/wp-json\/wp\/v2\/users\/2"}],"replies":[{"embeddable":true,"href":"https:\/\/www.valledelcocora.com.co\/w\/wp-json\/wp\/v2\/comments?post=232584"}],"version-history":[{"count":0,"href":"https:\/\/www.valledelcocora.com.co\/w\/wp-json\/wp\/v2\/posts\/232584\/revisions"}],"wp:featuredmedia":[{"embeddable":true,"href":"https:\/\/www.valledelcocora.com.co\/w\/wp-json\/wp\/v2\/media\/232585"}],"wp:attachment":[{"href":"https:\/\/www.valledelcocora.com.co\/w\/wp-json\/wp\/v2\/media?parent=232584"}],"wp:term":[{"taxonomy":"category","embeddable":true,"href":"https:\/\/www.valledelcocora.com.co\/w\/wp-json\/wp\/v2\/categories?post=232584"},{"taxonomy":"post_tag","embeddable":true,"href":"https:\/\/www.valledelcocora.com.co\/w\/wp-json\/wp\/v2\/tags?post=232584"}],"curies":[{"name":"wp","href":"https:\/\/api.w.org\/{rel}","templated":true}]}}