{"id":232449,"date":"2025-01-24T17:18:34","date_gmt":"2025-01-24T22:18:34","guid":{"rendered":"https:\/\/www.valledelcocora.com.co\/w\/?p=232449"},"modified":"2025-01-24T17:18:34","modified_gmt":"2025-01-24T22:18:34","slug":"cultura-y-tradiciones-en-el-valle-de-cocora-mas-alla-del-paisaje","status":"publish","type":"post","link":"https:\/\/www.valledelcocora.com.co\/w\/cultura-y-tradiciones-en-el-valle-de-cocora-mas-alla-del-paisaje\/","title":{"rendered":"Cultura y tradiciones en el Valle de Cocora: M\u00e1s all\u00e1 del paisaje"},"content":{"rendered":"<p>[et_pb_section fb_built=\u00bb1&#8243; _builder_version=\u00bb4.23.1&#8243; _module_preset=\u00bbdefault\u00bb da_disable_devices=\u00bboff|off|off\u00bb global_colors_info=\u00bb{}\u00bb theme_builder_area=\u00bbpost_content\u00bb da_is_popup=\u00bboff\u00bb da_exit_intent=\u00bboff\u00bb da_has_close=\u00bbon\u00bb da_alt_close=\u00bboff\u00bb da_dark_close=\u00bboff\u00bb da_not_modal=\u00bbon\u00bb da_is_singular=\u00bboff\u00bb da_with_loader=\u00bboff\u00bb da_has_shadow=\u00bbon\u00bb][et_pb_row _builder_version=\u00bb4.23.1&#8243; _module_preset=\u00bbdefault\u00bb global_colors_info=\u00bb{}\u00bb theme_builder_area=\u00bbpost_content\u00bb][et_pb_column type=\u00bb4_4&#8243; _builder_version=\u00bb4.23.1&#8243; _module_preset=\u00bbdefault\u00bb global_colors_info=\u00bb{}\u00bb theme_builder_area=\u00bbpost_content\u00bb][et_pb_text _builder_version=\u00bb4.23.1&#8243; _module_preset=\u00bbdefault\u00bb hover_enabled=\u00bb0&#8243; global_colors_info=\u00bb{}\u00bb theme_builder_area=\u00bbpost_content\u00bb sticky_enabled=\u00bb0&#8243;]<\/p>\n<p>El Valle de Cocora no solo destaca por su incre\u00edble biodiversidad, sino tambi\u00e9n por las profundas ra\u00edces culturales y tradiciones que reflejan la identidad de la regi\u00f3n. En el coraz\u00f3n del Quind\u00edo, este valle es un lugar donde la naturaleza se entrelaza con costumbres y pr\u00e1cticas que han sido preservadas por generaciones. Explorar el Valle de Cocora desde esta perspectiva es descubrir un mundo lleno de historia y autenticidad.<\/p>\n<h1><strong>El papel de la palma de cera en la cultura local<\/strong><\/h1>\n<p>La palma de cera, s\u00edmbolo del Valle de Cocora, no solo es relevante por su estatus como \u00e1rbol nacional, sino tambi\u00e9n por su valor cultural. En tiempos pasados, las comunidades ind\u00edgenas, como los quimbayas, usaban sus hojas para ceremonias religiosas y para construir techos en sus viviendas. Aunque esta pr\u00e1ctica se ha reducido por la necesidad de conservaci\u00f3n, su significado espiritual sigue siendo importante para los habitantes de la regi\u00f3n.<\/p>\n<p>Adem\u00e1s, la palma de cera es protagonista en eventos culturales como el D\u00eda Nacional del \u00c1rbol, cuando se realizan actividades educativas y de concienciaci\u00f3n en torno a su protecci\u00f3n.<\/p>\n<p>[\/et_pb_text][\/et_pb_column][\/et_pb_row][\/et_pb_section][et_pb_section fb_built=\u00bb1&#8243; _builder_version=\u00bb4.23.1&#8243; _module_preset=\u00bbdefault\u00bb da_disable_devices=\u00bboff|off|off\u00bb global_colors_info=\u00bb{}\u00bb theme_builder_area=\u00bbpost_content\u00bb da_is_popup=\u00bboff\u00bb da_exit_intent=\u00bboff\u00bb da_has_close=\u00bbon\u00bb da_alt_close=\u00bboff\u00bb da_dark_close=\u00bboff\u00bb da_not_modal=\u00bbon\u00bb da_is_singular=\u00bboff\u00bb da_with_loader=\u00bboff\u00bb da_has_shadow=\u00bbon\u00bb][et_pb_row _builder_version=\u00bb4.23.1&#8243; _module_preset=\u00bbdefault\u00bb global_colors_info=\u00bb{}\u00bb theme_builder_area=\u00bbpost_content\u00bb][et_pb_column type=\u00bb4_4&#8243; _builder_version=\u00bb4.23.1&#8243; _module_preset=\u00bbdefault\u00bb global_colors_info=\u00bb{}\u00bb theme_builder_area=\u00bbpost_content\u00bb][et_pb_image src=\u00bbhttps:\/\/www.valledelcocora.com.co\/w\/wp-content\/uploads\/2025\/01\/palma-de-cera-colombia.png\u00bb _builder_version=\u00bb4.23.1&#8243; _module_preset=\u00bbdefault\u00bb theme_builder_area=\u00bbpost_content\u00bb title_text=\u00bbpalma-de-cera-colombia\u00bb hover_enabled=\u00bb0&#8243; sticky_enabled=\u00bb0&#8243;][\/et_pb_image][\/et_pb_column][\/et_pb_row][\/et_pb_section][et_pb_section fb_built=\u00bb1&#8243; _builder_version=\u00bb4.23.1&#8243; _module_preset=\u00bbdefault\u00bb da_disable_devices=\u00bboff|off|off\u00bb global_colors_info=\u00bb{}\u00bb theme_builder_area=\u00bbpost_content\u00bb da_is_popup=\u00bboff\u00bb da_exit_intent=\u00bboff\u00bb da_has_close=\u00bbon\u00bb da_alt_close=\u00bboff\u00bb da_dark_close=\u00bboff\u00bb da_not_modal=\u00bbon\u00bb da_is_singular=\u00bboff\u00bb da_with_loader=\u00bboff\u00bb da_has_shadow=\u00bbon\u00bb][et_pb_row _builder_version=\u00bb4.23.1&#8243; _module_preset=\u00bbdefault\u00bb global_colors_info=\u00bb{}\u00bb theme_builder_area=\u00bbpost_content\u00bb][et_pb_column type=\u00bb4_4&#8243; _builder_version=\u00bb4.23.1&#8243; _module_preset=\u00bbdefault\u00bb global_colors_info=\u00bb{}\u00bb theme_builder_area=\u00bbpost_content\u00bb][et_pb_text _builder_version=\u00bb4.23.1&#8243; _module_preset=\u00bbdefault\u00bb hover_enabled=\u00bb0&#8243; global_colors_info=\u00bb{}\u00bb theme_builder_area=\u00bbpost_content\u00bb sticky_enabled=\u00bb0&#8243;]<\/p>\n<h1><strong>Tradiciones gastron\u00f3micas: M\u00e1s que un plato t\u00edpico<\/strong><\/h1>\n<p>La gastronom\u00eda del Quind\u00edo es una parte esencial de su identidad cultural. En el Valle de Cocora y sus alrededores, los visitantes pueden disfrutar de platos tradicionales como la <strong>trucha al ajillo<\/strong>, acompa\u00f1ada de patacones crujientes. Este plato es especialmente popular debido a la cercan\u00eda de criaderos de trucha en los r\u00edos de la regi\u00f3n.<\/p>\n<p>Otra delicia local es el \u00abfiambre\u00bb, un almuerzo t\u00edpico empacado en hojas de pl\u00e1tano que incluye arroz, carne, pl\u00e1tano maduro y huevos. Esta tradici\u00f3n surgi\u00f3 como una forma pr\u00e1ctica para que los campesinos llevaran comida durante largas jornadas de trabajo en el campo, y hoy en d\u00eda es un \u00edcono gastron\u00f3mico que los turistas disfrutan durante sus caminatas.<\/p>\n<p><strong>Festividades y eventos culturales<\/strong><\/p>\n<p>Entre las festividades destacadas est\u00e1 la <strong>Fiesta de la Guadua<\/strong>, que celebra uno de los materiales m\u00e1s representativos de la regi\u00f3n. Durante este evento, se realizan exposiciones de artesan\u00edas, presentaciones de m\u00fasica folcl\u00f3rica y concursos de construcci\u00f3n con guadua. Adem\u00e1s, en el cercano municipio de Salento, los turistas pueden disfrutar de festivales como el de la <strong>Arepa Quindiana<\/strong>, donde se resalta este alimento t\u00edpico con preparaciones \u00fanicas.<\/p>\n<p>Por otro lado, las danzas folcl\u00f3ricas son una muestra constante de la riqueza cultural del Valle. Grupos de baile locales suelen presentarse en eventos comunitarios, vistiendo los trajes t\u00edpicos de la regi\u00f3n que representan el estilo de vida caficultor.<\/p>\n<p>[\/et_pb_text][\/et_pb_column][\/et_pb_row][et_pb_row _builder_version=\u00bb4.23.1&#8243; _module_preset=\u00bbdefault\u00bb global_colors_info=\u00bb{}\u00bb theme_builder_area=\u00bbpost_content\u00bb][et_pb_column type=\u00bb4_4&#8243; _builder_version=\u00bb4.23.1&#8243; _module_preset=\u00bbdefault\u00bb global_colors_info=\u00bb{}\u00bb theme_builder_area=\u00bbpost_content\u00bb][et_pb_image src=\u00bbhttps:\/\/www.valledelcocora.com.co\/w\/wp-content\/uploads\/2024\/10\/trucha.jpeg\u00bb title_text=\u00bbtrucha\u00bb _builder_version=\u00bb4.23.1&#8243; _module_preset=\u00bbdefault\u00bb hover_enabled=\u00bb0&#8243; global_colors_info=\u00bb{}\u00bb theme_builder_area=\u00bbpost_content\u00bb sticky_enabled=\u00bb0&#8243;][\/et_pb_image][\/et_pb_column][\/et_pb_row][\/et_pb_section][et_pb_section fb_built=\u00bb1&#8243; _builder_version=\u00bb4.23.1&#8243; _module_preset=\u00bbdefault\u00bb da_disable_devices=\u00bboff|off|off\u00bb global_colors_info=\u00bb{}\u00bb theme_builder_area=\u00bbpost_content\u00bb da_is_popup=\u00bboff\u00bb da_exit_intent=\u00bboff\u00bb da_has_close=\u00bbon\u00bb da_alt_close=\u00bboff\u00bb da_dark_close=\u00bboff\u00bb da_not_modal=\u00bbon\u00bb da_is_singular=\u00bboff\u00bb da_with_loader=\u00bboff\u00bb da_has_shadow=\u00bbon\u00bb][et_pb_row _builder_version=\u00bb4.23.1&#8243; _module_preset=\u00bbdefault\u00bb global_colors_info=\u00bb{}\u00bb theme_builder_area=\u00bbpost_content\u00bb][et_pb_column type=\u00bb4_4&#8243; _builder_version=\u00bb4.23.1&#8243; _module_preset=\u00bbdefault\u00bb global_colors_info=\u00bb{}\u00bb theme_builder_area=\u00bbpost_content\u00bb][et_pb_text _builder_version=\u00bb4.23.1&#8243; _module_preset=\u00bbdefault\u00bb hover_enabled=\u00bb0&#8243; global_colors_info=\u00bb{}\u00bb theme_builder_area=\u00bbpost_content\u00bb sticky_enabled=\u00bb0&#8243;]<\/p>\n<h1><strong>El arte y la arquitectura tradicional<\/strong><\/h1>\n<p>El pueblo de Salento, la puerta de entrada al Valle de Cocora, es conocido por su arquitectura colonial colorida. Las casas de estilo bahareque, pintadas en tonos vibrantes, son un testimonio de las tradiciones constructivas de la regi\u00f3n. Los balcones adornados con flores son ideales para fotograf\u00edas y para apreciar la conexi\u00f3n de la comunidad con su entorno natural.<\/p>\n<p>Adem\u00e1s, el arte local tiene un lugar especial en la cultura del Valle. Artesanos de la zona producen objetos de guadua, cer\u00e1mica y tejidos que reflejan las tradiciones de la regi\u00f3n. Los mercados artesanales de Salento son una excelente oportunidad para adquirir recuerdos \u00fanicos y apoyar a las comunidades locales.<\/p>\n<p>[\/et_pb_text][\/et_pb_column][\/et_pb_row][et_pb_row _builder_version=\u00bb4.23.1&#8243; _module_preset=\u00bbdefault\u00bb global_colors_info=\u00bb{}\u00bb theme_builder_area=\u00bbpost_content\u00bb][et_pb_column type=\u00bb4_4&#8243; _builder_version=\u00bb4.23.1&#8243; _module_preset=\u00bbdefault\u00bb global_colors_info=\u00bb{}\u00bb theme_builder_area=\u00bbpost_content\u00bb][et_pb_text _builder_version=\u00bb4.23.1&#8243; _module_preset=\u00bbdefault\u00bb global_colors_info=\u00bb{}\u00bb theme_builder_area=\u00bbpost_content\u00bb]<\/p>\n<h1><strong>Informaci\u00f3n de contacto<\/strong><\/h1>\n<p>Para m\u00e1s informaci\u00f3n y vivir una experiencia inolvidable en el Valle de Cocora, s\u00edguenos en Instagram: <a rel=\"noopener\" target=\"_new\" href=\"https:\/\/www.instagram.com\/valledelcocora.juanb\"><span>@valledelcocora<\/span><span>.juanb<\/span><\/a>.<\/p>\n<p>En <strong>Bosques de Cocora Donde Juan B<\/strong>, nuestra agencia de excursiones gourmet, estamos listos para recibirte. Cont\u00e1ctanos para reservas a trav\u00e9s de WhatsApp: <strong>3102275091<\/strong> (No llamadas).<\/p>\n<p>Nos encontramos en el <strong>Km 11 del Parque Natural Valle de Cocora, Salento, Quind\u00edo<\/strong>. \u00a1Te esperamos para compartir lo mejor de la naturaleza y la gastronom\u00eda!<\/p>\n<p>[\/et_pb_text][\/et_pb_column][\/et_pb_row][\/et_pb_section]<\/p>\n","protected":false},"excerpt":{"rendered":"<p>El Valle de Cocora no solo destaca por su incre\u00edble biodiversidad, sino tambi\u00e9n por las profundas ra\u00edces culturales y tradiciones que reflejan la identidad de la regi\u00f3n. En el coraz\u00f3n del Quind\u00edo, este valle es un lugar donde la naturaleza se entrelaza con costumbres y pr\u00e1cticas que han sido preservadas por generaciones. Explorar el Valle [&hellip;]<\/p>\n","protected":false},"author":2,"featured_media":230395,"comment_status":"closed","ping_status":"open","sticky":false,"template":"","format":"standard","meta":{"_et_pb_use_builder":"on","_et_pb_old_content":"","_et_gb_content_width":"","_joinchat":[],"footnotes":""},"categories":[116,1],"tags":[127,110,100],"class_list":["post-232449","post","type-post","status-publish","format-standard","has-post-thumbnail","hentry","category-experiencias","category-uncategorized","tag-cultura","tag-naturaleza","tag-restaurante"],"_links":{"self":[{"href":"https:\/\/www.valledelcocora.com.co\/w\/wp-json\/wp\/v2\/posts\/232449","targetHints":{"allow":["GET"]}}],"collection":[{"href":"https:\/\/www.valledelcocora.com.co\/w\/wp-json\/wp\/v2\/posts"}],"about":[{"href":"https:\/\/www.valledelcocora.com.co\/w\/wp-json\/wp\/v2\/types\/post"}],"author":[{"embeddable":true,"href":"https:\/\/www.valledelcocora.com.co\/w\/wp-json\/wp\/v2\/users\/2"}],"replies":[{"embeddable":true,"href":"https:\/\/www.valledelcocora.com.co\/w\/wp-json\/wp\/v2\/comments?post=232449"}],"version-history":[{"count":0,"href":"https:\/\/www.valledelcocora.com.co\/w\/wp-json\/wp\/v2\/posts\/232449\/revisions"}],"wp:featuredmedia":[{"embeddable":true,"href":"https:\/\/www.valledelcocora.com.co\/w\/wp-json\/wp\/v2\/media\/230395"}],"wp:attachment":[{"href":"https:\/\/www.valledelcocora.com.co\/w\/wp-json\/wp\/v2\/media?parent=232449"}],"wp:term":[{"taxonomy":"category","embeddable":true,"href":"https:\/\/www.valledelcocora.com.co\/w\/wp-json\/wp\/v2\/categories?post=232449"},{"taxonomy":"post_tag","embeddable":true,"href":"https:\/\/www.valledelcocora.com.co\/w\/wp-json\/wp\/v2\/tags?post=232449"}],"curies":[{"name":"wp","href":"https:\/\/api.w.org\/{rel}","templated":true}]}}