{"id":232442,"date":"2025-01-24T17:09:24","date_gmt":"2025-01-24T22:09:24","guid":{"rendered":"https:\/\/www.valledelcocora.com.co\/w\/?p=232442"},"modified":"2025-01-24T17:09:24","modified_gmt":"2025-01-24T22:09:24","slug":"secretos-del-valle-de-cocora-rutas-menos-conocidas-para-disfrutar-de-la-naturaleza-sin-multitudes","status":"publish","type":"post","link":"https:\/\/www.valledelcocora.com.co\/w\/secretos-del-valle-de-cocora-rutas-menos-conocidas-para-disfrutar-de-la-naturaleza-sin-multitudes\/","title":{"rendered":"Secretos del Valle de Cocora: Rutas menos conocidas para disfrutar de la naturaleza sin multitudes"},"content":{"rendered":"<p>[et_pb_section fb_built=\u00bb1&#8243; _builder_version=\u00bb4.23.1&#8243; _module_preset=\u00bbdefault\u00bb da_disable_devices=\u00bboff|off|off\u00bb global_colors_info=\u00bb{}\u00bb theme_builder_area=\u00bbpost_content\u00bb da_is_popup=\u00bboff\u00bb da_exit_intent=\u00bboff\u00bb da_has_close=\u00bbon\u00bb da_alt_close=\u00bboff\u00bb da_dark_close=\u00bboff\u00bb da_not_modal=\u00bbon\u00bb da_is_singular=\u00bboff\u00bb da_with_loader=\u00bboff\u00bb da_has_shadow=\u00bbon\u00bb][et_pb_row _builder_version=\u00bb4.23.1&#8243; _module_preset=\u00bbdefault\u00bb global_colors_info=\u00bb{}\u00bb theme_builder_area=\u00bbpost_content\u00bb][et_pb_column type=\u00bb4_4&#8243; _builder_version=\u00bb4.23.1&#8243; _module_preset=\u00bbdefault\u00bb global_colors_info=\u00bb{}\u00bb theme_builder_area=\u00bbpost_content\u00bb][et_pb_text _builder_version=\u00bb4.23.1&#8243; _module_preset=\u00bbdefault\u00bb hover_enabled=\u00bb0&#8243; global_colors_info=\u00bb{}\u00bb theme_builder_area=\u00bbpost_content\u00bb sticky_enabled=\u00bb0&#8243;]<\/p>\n<p>El Valle de Cocora, ubicado en el coraz\u00f3n del Eje Cafetero colombiano, es ampliamente conocido por su majestuosa palma de cera, el \u00e1rbol nacional de Colombia. Aunque la mayor\u00eda de los visitantes optan por los senderos principales, existen rutas menos transitadas que ofrecen una experiencia m\u00e1s tranquila y permiten un contacto m\u00e1s cercano con el entorno natural. Estas alternativas son ideales para quienes buscan escapar de las zonas concurridas y explorar la riqueza del paisaje de forma m\u00e1s pausada.<\/p>\n<h1><strong>Ruta Estrella de Agua: Un recorrido entre bosque y monta\u00f1a<\/strong><\/h1>\n<p>La Ruta Estrella de Agua es una de las menos conocidas, pero m\u00e1s enriquecedoras para los visitantes interesados en la biodiversidad del Valle de Cocora. Este trayecto inicia en las afueras del valle y se adentra en un bosque de niebla caracterizado por una densa vegetaci\u00f3n de helechos, musgos y bromelias. Durante la caminata, que tiene una duraci\u00f3n promedio de 5 a 6 horas dependiendo del ritmo, se atraviesan peque\u00f1os arroyos y se pueden observar diversas especies de aves, como el barranquero (Ave Nacional del Quind\u00edo) y los coloridos colibr\u00edes que habitan la zona.<\/p>\n<p>[\/et_pb_text][\/et_pb_column][\/et_pb_row][\/et_pb_section][et_pb_section fb_built=\u00bb1&#8243; _builder_version=\u00bb4.23.1&#8243; _module_preset=\u00bbdefault\u00bb da_disable_devices=\u00bboff|off|off\u00bb global_colors_info=\u00bb{}\u00bb theme_builder_area=\u00bbpost_content\u00bb da_is_popup=\u00bboff\u00bb da_exit_intent=\u00bboff\u00bb da_has_close=\u00bbon\u00bb da_alt_close=\u00bboff\u00bb da_dark_close=\u00bboff\u00bb da_not_modal=\u00bbon\u00bb da_is_singular=\u00bboff\u00bb da_with_loader=\u00bboff\u00bb da_has_shadow=\u00bbon\u00bb][et_pb_row _builder_version=\u00bb4.23.1&#8243; _module_preset=\u00bbdefault\u00bb theme_builder_area=\u00bbpost_content\u00bb][et_pb_column _builder_version=\u00bb4.23.1&#8243; _module_preset=\u00bbdefault\u00bb type=\u00bb4_4&#8243; theme_builder_area=\u00bbpost_content\u00bb][et_pb_image src=\u00bbhttps:\/\/www.valledelcocora.com.co\/w\/wp-content\/uploads\/2025\/01\/aves-colibries-cocora.png\u00bb _builder_version=\u00bb4.23.1&#8243; _module_preset=\u00bbdefault\u00bb theme_builder_area=\u00bbpost_content\u00bb title_text=\u00bbaves-colibries-cocora\u00bb hover_enabled=\u00bb0&#8243; sticky_enabled=\u00bb0&#8243;][\/et_pb_image][\/et_pb_column][\/et_pb_row][\/et_pb_section][et_pb_section fb_built=\u00bb1&#8243; _builder_version=\u00bb4.23.1&#8243; _module_preset=\u00bbdefault\u00bb da_disable_devices=\u00bboff|off|off\u00bb global_colors_info=\u00bb{}\u00bb theme_builder_area=\u00bbpost_content\u00bb da_is_popup=\u00bboff\u00bb da_exit_intent=\u00bboff\u00bb da_has_close=\u00bbon\u00bb da_alt_close=\u00bboff\u00bb da_dark_close=\u00bboff\u00bb da_not_modal=\u00bbon\u00bb da_is_singular=\u00bboff\u00bb da_with_loader=\u00bboff\u00bb da_has_shadow=\u00bbon\u00bb][et_pb_row _builder_version=\u00bb4.23.1&#8243; _module_preset=\u00bbdefault\u00bb global_colors_info=\u00bb{}\u00bb theme_builder_area=\u00bbpost_content\u00bb][et_pb_column type=\u00bb4_4&#8243; _builder_version=\u00bb4.23.1&#8243; _module_preset=\u00bbdefault\u00bb global_colors_info=\u00bb{}\u00bb theme_builder_area=\u00bbpost_content\u00bb][et_pb_text _builder_version=\u00bb4.23.1&#8243; _module_preset=\u00bbdefault\u00bb hover_enabled=\u00bb0&#8243; global_colors_info=\u00bb{}\u00bb theme_builder_area=\u00bbpost_content\u00bb sticky_enabled=\u00bb0&#8243;]<\/p>\n<p>Un punto destacado de este recorrido es el nacimiento del r\u00edo Quind\u00edo, ubicado a m\u00e1s de 3.000 metros sobre el nivel del mar. Desde aqu\u00ed, se puede apreciar una vista amplia del valle y las monta\u00f1as circundantes. Este lugar no solo es significativo por su belleza, sino tambi\u00e9n por ser una fuente vital de agua para las comunidades locales.<\/p>\n<h1><strong>Ruta La Carbonera, Tolima: Un bosque de palmas de cera \u00fanico<\/strong><\/h1>\n<p>La Ruta La Carbonera es una opci\u00f3n poco explorada que permite observar una de las concentraciones m\u00e1s grandes de palmas de cera en Colombia. A diferencia de las palmas dispersas que se ven en las rutas tradicionales del Valle de Cocora, aqu\u00ed se encuentran en grupos densos que forman un paisaje impresionante. Este recorrido comienza con un viaje en jeep desde Salento hasta el punto de inicio, seguido de una caminata que combina paisajes abiertos y pasos por zonas de pastizales.<\/p>\n<p>La caminata dura entre 4 y 5 horas, y adem\u00e1s de las palmas, el visitante puede disfrutar de vistas al ca\u00f1\u00f3n del r\u00edo Quind\u00edo y una rica variedad de flora y fauna t\u00edpica de los Andes tropicales. Es importante mencionar que este recorrido requiere un gu\u00eda local debido a la complejidad de los caminos y la necesidad de respetar las propiedades privadas de la zona.<\/p>\n<p>[\/et_pb_text][\/et_pb_column][\/et_pb_row][et_pb_row _builder_version=\u00bb4.23.1&#8243; _module_preset=\u00bbdefault\u00bb theme_builder_area=\u00bbpost_content\u00bb][et_pb_column _builder_version=\u00bb4.23.1&#8243; _module_preset=\u00bbdefault\u00bb type=\u00bb4_4&#8243; theme_builder_area=\u00bbpost_content\u00bb][et_pb_image src=\u00bbhttps:\/\/www.valledelcocora.com.co\/w\/wp-content\/uploads\/2025\/01\/carbonera-tolima-desde-salento.jpg\u00bb _builder_version=\u00bb4.23.1&#8243; _module_preset=\u00bbdefault\u00bb theme_builder_area=\u00bbpost_content\u00bb title_text=\u00bbcarbonera-tolima-desde-salento\u00bb hover_enabled=\u00bb0&#8243; sticky_enabled=\u00bb0&#8243;][\/et_pb_image][\/et_pb_column][\/et_pb_row][\/et_pb_section][et_pb_section fb_built=\u00bb1&#8243; _builder_version=\u00bb4.23.1&#8243; _module_preset=\u00bbdefault\u00bb da_disable_devices=\u00bboff|off|off\u00bb global_colors_info=\u00bb{}\u00bb theme_builder_area=\u00bbpost_content\u00bb da_is_popup=\u00bboff\u00bb da_exit_intent=\u00bboff\u00bb da_has_close=\u00bbon\u00bb da_alt_close=\u00bboff\u00bb da_dark_close=\u00bboff\u00bb da_not_modal=\u00bbon\u00bb da_is_singular=\u00bboff\u00bb da_with_loader=\u00bboff\u00bb da_has_shadow=\u00bbon\u00bb][et_pb_row _builder_version=\u00bb4.23.1&#8243; _module_preset=\u00bbdefault\u00bb global_colors_info=\u00bb{}\u00bb theme_builder_area=\u00bbpost_content\u00bb][et_pb_column type=\u00bb4_4&#8243; _builder_version=\u00bb4.23.1&#8243; _module_preset=\u00bbdefault\u00bb global_colors_info=\u00bb{}\u00bb theme_builder_area=\u00bbpost_content\u00bb][et_pb_text _builder_version=\u00bb4.23.1&#8243; _module_preset=\u00bbdefault\u00bb hover_enabled=\u00bb0&#8243; global_colors_info=\u00bb{}\u00bb theme_builder_area=\u00bbpost_content\u00bb sticky_enabled=\u00bb0&#8243;]<\/p>\n<h2><strong>Consejos para disfrutar estas rutas<\/strong><\/h2>\n<ol>\n<li><strong>Equipo adecuado:<\/strong> Utiliza zapatos c\u00f3modos para caminata, ropa impermeable y lleva suficiente agua. El clima en el Valle de Cocora puede cambiar r\u00e1pidamente, con lluvias frecuentes durante el d\u00eda.<\/li>\n<li><strong>Conservaci\u00f3n ambiental:<\/strong> Respeta los senderos, no dejes basura y evita interactuar con la fauna local para garantizar la preservaci\u00f3n del ecosistema.<\/li>\n<li><strong>Contrata un gu\u00eda local:<\/strong> Esto no solo asegura una experiencia m\u00e1s enriquecedora, sino tambi\u00e9n contribuye al desarrollo econ\u00f3mico de la comunidad.<\/li>\n<\/ol>\n<p>[\/et_pb_text][\/et_pb_column][\/et_pb_row][et_pb_row _builder_version=\u00bb4.23.1&#8243; _module_preset=\u00bbdefault\u00bb theme_builder_area=\u00bbpost_content\u00bb][et_pb_column _builder_version=\u00bb4.23.1&#8243; _module_preset=\u00bbdefault\u00bb type=\u00bb4_4&#8243; theme_builder_area=\u00bbpost_content\u00bb][et_pb_text _builder_version=\u00bb4.23.1&#8243; _module_preset=\u00bbdefault\u00bb theme_builder_area=\u00bbpost_content\u00bb hover_enabled=\u00bb0&#8243; sticky_enabled=\u00bb0&#8243;]<\/p>\n<h1><strong>Informaci\u00f3n de contacto<\/strong><\/h1>\n<p>Para m\u00e1s informaci\u00f3n y vivir una experiencia inolvidable en el Valle de Cocora, s\u00edguenos en Instagram: <a rel=\"noopener\" target=\"_new\" href=\"https:\/\/www.instagram.com\/valledelcocora.juanb\"><span>@valledelcocora<\/span><span>.juanb<\/span><\/a>.<\/p>\n<p>En <strong>Bosques de Cocora Donde Juan B<\/strong>, nuestra agencia de excursiones gourmet, estamos listos para recibirte. Cont\u00e1ctanos para reservas a trav\u00e9s de WhatsApp: <strong>3102275091<\/strong> (No llamadas).<\/p>\n<p>Nos encontramos en el <strong>Km 11 del Parque Natural Valle de Cocora, Salento, Quind\u00edo<\/strong>. \u00a1Te esperamos para compartir lo mejor de la naturaleza y la gastronom\u00eda!<\/p>\n<p>[\/et_pb_text][\/et_pb_column][\/et_pb_row][\/et_pb_section]<\/p>\n","protected":false},"excerpt":{"rendered":"<p>El Valle de Cocora, ubicado en el coraz\u00f3n del Eje Cafetero colombiano, es ampliamente conocido por su majestuosa palma de cera, el \u00e1rbol nacional de Colombia. Aunque la mayor\u00eda de los visitantes optan por los senderos principales, existen rutas menos transitadas que ofrecen una experiencia m\u00e1s tranquila y permiten un contacto m\u00e1s cercano con el [&hellip;]<\/p>\n","protected":false},"author":2,"featured_media":232443,"comment_status":"closed","ping_status":"open","sticky":false,"template":"","format":"standard","meta":{"_et_pb_use_builder":"on","_et_pb_old_content":"","_et_gb_content_width":"","_joinchat":[],"footnotes":""},"categories":[116,1],"tags":[110,92],"class_list":["post-232442","post","type-post","status-publish","format-standard","has-post-thumbnail","hentry","category-experiencias","category-uncategorized","tag-naturaleza","tag-senderos"],"_links":{"self":[{"href":"https:\/\/www.valledelcocora.com.co\/w\/wp-json\/wp\/v2\/posts\/232442","targetHints":{"allow":["GET"]}}],"collection":[{"href":"https:\/\/www.valledelcocora.com.co\/w\/wp-json\/wp\/v2\/posts"}],"about":[{"href":"https:\/\/www.valledelcocora.com.co\/w\/wp-json\/wp\/v2\/types\/post"}],"author":[{"embeddable":true,"href":"https:\/\/www.valledelcocora.com.co\/w\/wp-json\/wp\/v2\/users\/2"}],"replies":[{"embeddable":true,"href":"https:\/\/www.valledelcocora.com.co\/w\/wp-json\/wp\/v2\/comments?post=232442"}],"version-history":[{"count":0,"href":"https:\/\/www.valledelcocora.com.co\/w\/wp-json\/wp\/v2\/posts\/232442\/revisions"}],"wp:featuredmedia":[{"embeddable":true,"href":"https:\/\/www.valledelcocora.com.co\/w\/wp-json\/wp\/v2\/media\/232443"}],"wp:attachment":[{"href":"https:\/\/www.valledelcocora.com.co\/w\/wp-json\/wp\/v2\/media?parent=232442"}],"wp:term":[{"taxonomy":"category","embeddable":true,"href":"https:\/\/www.valledelcocora.com.co\/w\/wp-json\/wp\/v2\/categories?post=232442"},{"taxonomy":"post_tag","embeddable":true,"href":"https:\/\/www.valledelcocora.com.co\/w\/wp-json\/wp\/v2\/tags?post=232442"}],"curies":[{"name":"wp","href":"https:\/\/api.w.org\/{rel}","templated":true}]}}