{"id":232245,"date":"2024-12-23T07:59:31","date_gmt":"2024-12-23T12:59:31","guid":{"rendered":"https:\/\/www.valledelcocora.com.co\/w\/?p=232245"},"modified":"2024-12-23T07:59:31","modified_gmt":"2024-12-23T12:59:31","slug":"la-ruta-del-cafe-en-el-valle-del-cocora-de-la-planta-a-tu-taza-en-donde-juan-b","status":"publish","type":"post","link":"https:\/\/www.valledelcocora.com.co\/w\/la-ruta-del-cafe-en-el-valle-del-cocora-de-la-planta-a-tu-taza-en-donde-juan-b\/","title":{"rendered":"La Ruta del Caf\u00e9 en el Valle del Cocora: De la Planta a tu Taza en Donde Juan B"},"content":{"rendered":"<p>[et_pb_section fb_built=\u00bb1&#8243; _builder_version=\u00bb4.23.1&#8243; _module_preset=\u00bbdefault\u00bb da_disable_devices=\u00bboff|off|off\u00bb global_colors_info=\u00bb{}\u00bb theme_builder_area=\u00bbpost_content\u00bb da_is_popup=\u00bboff\u00bb da_exit_intent=\u00bboff\u00bb da_has_close=\u00bbon\u00bb da_alt_close=\u00bboff\u00bb da_dark_close=\u00bboff\u00bb da_not_modal=\u00bbon\u00bb da_is_singular=\u00bboff\u00bb da_with_loader=\u00bboff\u00bb da_has_shadow=\u00bbon\u00bb][et_pb_row _builder_version=\u00bb4.23.1&#8243; _module_preset=\u00bbdefault\u00bb global_colors_info=\u00bb{}\u00bb theme_builder_area=\u00bbpost_content\u00bb][et_pb_column type=\u00bb4_4&#8243; _builder_version=\u00bb4.23.1&#8243; _module_preset=\u00bbdefault\u00bb global_colors_info=\u00bb{}\u00bb theme_builder_area=\u00bbpost_content\u00bb][et_pb_text _builder_version=\u00bb4.23.1&#8243; _module_preset=\u00bbdefault\u00bb hover_enabled=\u00bb0&#8243; global_colors_info=\u00bb{}\u00bb theme_builder_area=\u00bbpost_content\u00bb sticky_enabled=\u00bb0&#8243;]<\/p>\n<p data-pm-slice=\"1 1 []\"><span>El caf\u00e9 colombiano es reconocido mundialmente por su calidad, pero \u00bfte imaginas experimentar el proceso completo de su elaboraci\u00f3n en un entorno tan espectacular como el Valle del Cocora? En Donde Juan B, te invitamos a sumergirte en la cultura cafetera a trav\u00e9s de nuestra Ruta del Caf\u00e9, una experiencia que combina educaci\u00f3n, degustaci\u00f3n y paisajes inolvidables.<\/span><\/p>\n<p>[\/et_pb_text][\/et_pb_column][\/et_pb_row][et_pb_row _builder_version=\u00bb4.23.1&#8243; _module_preset=\u00bbdefault\u00bb global_colors_info=\u00bb{}\u00bb theme_builder_area=\u00bbpost_content\u00bb][et_pb_column type=\u00bb4_4&#8243; _builder_version=\u00bb4.23.1&#8243; _module_preset=\u00bbdefault\u00bb global_colors_info=\u00bb{}\u00bb theme_builder_area=\u00bbpost_content\u00bb][et_pb_text _builder_version=\u00bb4.23.1&#8243; _module_preset=\u00bbdefault\u00bb hover_enabled=\u00bb0&#8243; global_colors_info=\u00bb{}\u00bb theme_builder_area=\u00bbpost_content\u00bb sticky_enabled=\u00bb0&#8243;]<\/p>\n<h1 data-pm-slice=\"1 1 []\"><strong>De la Planta a Tu Taza<\/strong><\/h1>\n<p><span>Nuestra Ruta del Caf\u00e9 te llevar\u00e1 por cada etapa del proceso caficultor:<\/span><\/p>\n<p><span><strong>1. Cultivo:<\/strong><\/span><span> Aprende c\u00f3mo se siembran y cuidan las plantas de caf\u00e9 en fincas locales.<\/span><\/p>\n<p><span><strong>2. Cosecha:<\/strong><\/span><span> Participa en la recolecci\u00f3n manual de los granos maduros.<\/span><\/p>\n<p><span><strong>3. Beneficio:<\/strong><\/span><span> Descubre el proceso de despulpado, fermentaci\u00f3n y secado al sol.<\/span><\/p>\n<p><span><strong>4. Tostado:<\/strong><\/span><span> Observa c\u00f3mo el caf\u00e9 adquiere su sabor caracter\u00edstico durante el tostado artesanal.<\/span><\/p>\n<p><span><strong>5. Cata:<\/strong><\/span><span> Finaliza con una sesi\u00f3n de cata guiada, donde podr\u00e1s identificar las notas y aromas \u00fanicos del caf\u00e9 del valle.<\/span><\/p>\n<h2><span><strong>Dato curioso<\/strong><\/span><\/h2>\n<p><span>El caf\u00e9 del Quind\u00edo es famoso por sus notas frutales y acidez balanceada, caracter\u00edsticas que lo hacen ideal para paladares exigentes.<\/span><\/p>\n<p>[\/et_pb_text][\/et_pb_column][\/et_pb_row][\/et_pb_section][et_pb_section fb_built=\u00bb1&#8243; _builder_version=\u00bb4.23.1&#8243; _module_preset=\u00bbdefault\u00bb da_disable_devices=\u00bboff|off|off\u00bb global_colors_info=\u00bb{}\u00bb theme_builder_area=\u00bbpost_content\u00bb da_is_popup=\u00bboff\u00bb da_exit_intent=\u00bboff\u00bb da_has_close=\u00bbon\u00bb da_alt_close=\u00bboff\u00bb da_dark_close=\u00bboff\u00bb da_not_modal=\u00bbon\u00bb da_is_singular=\u00bboff\u00bb da_with_loader=\u00bboff\u00bb da_has_shadow=\u00bbon\u00bb][et_pb_row _builder_version=\u00bb4.23.1&#8243; _module_preset=\u00bbdefault\u00bb global_colors_info=\u00bb{}\u00bb theme_builder_area=\u00bbpost_content\u00bb][et_pb_column type=\u00bb4_4&#8243; _builder_version=\u00bb4.23.1&#8243; _module_preset=\u00bbdefault\u00bb global_colors_info=\u00bb{}\u00bb theme_builder_area=\u00bbpost_content\u00bb][et_pb_image src=\u00bbhttps:\/\/www.valledelcocora.com.co\/w\/wp-content\/uploads\/2024\/02\/destacada-tienda-de-cafe.png\u00bb _builder_version=\u00bb4.23.1&#8243; _module_preset=\u00bbdefault\u00bb theme_builder_area=\u00bbpost_content\u00bb title_text=\u00bbdestacada-tienda-de-cafe\u00bb hover_enabled=\u00bb0&#8243; sticky_enabled=\u00bb0&#8243;][\/et_pb_image][\/et_pb_column][\/et_pb_row][\/et_pb_section][et_pb_section fb_built=\u00bb1&#8243; _builder_version=\u00bb4.23.1&#8243; _module_preset=\u00bbdefault\u00bb da_disable_devices=\u00bboff|off|off\u00bb global_colors_info=\u00bb{}\u00bb theme_builder_area=\u00bbpost_content\u00bb da_is_popup=\u00bboff\u00bb da_exit_intent=\u00bboff\u00bb da_has_close=\u00bbon\u00bb da_alt_close=\u00bboff\u00bb da_dark_close=\u00bboff\u00bb da_not_modal=\u00bbon\u00bb da_is_singular=\u00bboff\u00bb da_with_loader=\u00bboff\u00bb da_has_shadow=\u00bbon\u00bb][et_pb_row _builder_version=\u00bb4.23.1&#8243; _module_preset=\u00bbdefault\u00bb global_colors_info=\u00bb{}\u00bb theme_builder_area=\u00bbpost_content\u00bb][et_pb_column type=\u00bb4_4&#8243; _builder_version=\u00bb4.23.1&#8243; _module_preset=\u00bbdefault\u00bb global_colors_info=\u00bb{}\u00bb theme_builder_area=\u00bbpost_content\u00bb][et_pb_text _builder_version=\u00bb4.23.1&#8243; _module_preset=\u00bbdefault\u00bb hover_enabled=\u00bb0&#8243; global_colors_info=\u00bb{}\u00bb theme_builder_area=\u00bbpost_content\u00bb sticky_enabled=\u00bb0&#8243;]<\/p>\n<h1 data-pm-slice=\"1 3 []\"><strong>Un Escenario \u00danico para el Caf\u00e9<\/strong><\/h1>\n<p><span>El Valle del Cocora ofrece un microclima \u00fanico que favorece el cultivo de caf\u00e9 de alta calidad. Las monta\u00f1as, la altitud y los vientos frescos crean las condiciones perfectas para producir granos excepcionales.<\/span><\/p>\n<h2><span>Disfruta el Caf\u00e9 en Donde Juan B<\/span><\/h2>\n<p><span>Despu\u00e9s de recorrer la Ruta del Caf\u00e9, te invitamos a nuestro restaurante para disfrutar de:<\/span><\/p>\n<ul data-spread=\"false\">\n<li>\n<p><span>Caf\u00e9 reci\u00e9n molido y preparado al estilo tradicional.<\/span><\/p>\n<\/li>\n<li>\n<p><span>Postres inspirados en el caf\u00e9, como tortas y flanes.<\/span><\/p>\n<\/li>\n<li>\n<p><span>Combos de desayuno que incluyen caf\u00e9 y pan artesanal.<\/span><\/p>\n<\/li>\n<\/ul>\n<p>[\/et_pb_text][\/et_pb_column][\/et_pb_row][\/et_pb_section][et_pb_section fb_built=\u00bb1&#8243; _builder_version=\u00bb4.23.1&#8243; _module_preset=\u00bbdefault\u00bb da_disable_devices=\u00bboff|off|off\u00bb global_colors_info=\u00bb{}\u00bb theme_builder_area=\u00bbpost_content\u00bb da_is_popup=\u00bboff\u00bb da_exit_intent=\u00bboff\u00bb da_has_close=\u00bbon\u00bb da_alt_close=\u00bboff\u00bb da_dark_close=\u00bboff\u00bb da_not_modal=\u00bbon\u00bb da_is_singular=\u00bboff\u00bb da_with_loader=\u00bboff\u00bb da_has_shadow=\u00bbon\u00bb][et_pb_row _builder_version=\u00bb4.23.1&#8243; _module_preset=\u00bbdefault\u00bb global_colors_info=\u00bb{}\u00bb theme_builder_area=\u00bbpost_content\u00bb][et_pb_column type=\u00bb4_4&#8243; _builder_version=\u00bb4.23.1&#8243; _module_preset=\u00bbdefault\u00bb global_colors_info=\u00bb{}\u00bb theme_builder_area=\u00bbpost_content\u00bb][et_pb_image src=\u00bbhttps:\/\/www.valledelcocora.com.co\/w\/wp-content\/uploads\/2024\/07\/valledelcocora-hospedaje-en-finca_1.jpg\u00bb _builder_version=\u00bb4.23.1&#8243; _module_preset=\u00bbdefault\u00bb theme_builder_area=\u00bbpost_content\u00bb title_text=\u00bbvalledelcocora-hospedaje-en-finca_1&#8243; hover_enabled=\u00bb0&#8243; sticky_enabled=\u00bb0&#8243;][\/et_pb_image][\/et_pb_column][\/et_pb_row][\/et_pb_section][et_pb_section fb_built=\u00bb1&#8243; _builder_version=\u00bb4.23.1&#8243; _module_preset=\u00bbdefault\u00bb da_disable_devices=\u00bboff|off|off\u00bb global_colors_info=\u00bb{}\u00bb theme_builder_area=\u00bbpost_content\u00bb da_is_popup=\u00bboff\u00bb da_exit_intent=\u00bboff\u00bb da_has_close=\u00bbon\u00bb da_alt_close=\u00bboff\u00bb da_dark_close=\u00bboff\u00bb da_not_modal=\u00bbon\u00bb da_is_singular=\u00bboff\u00bb da_with_loader=\u00bboff\u00bb da_has_shadow=\u00bbon\u00bb][et_pb_row _builder_version=\u00bb4.23.1&#8243; _module_preset=\u00bbdefault\u00bb global_colors_info=\u00bb{}\u00bb theme_builder_area=\u00bbpost_content\u00bb][et_pb_column type=\u00bb4_4&#8243; _builder_version=\u00bb4.23.1&#8243; _module_preset=\u00bbdefault\u00bb global_colors_info=\u00bb{}\u00bb theme_builder_area=\u00bbpost_content\u00bb][et_pb_text _builder_version=\u00bb4.23.1&#8243; _module_preset=\u00bbdefault\u00bb hover_enabled=\u00bb0&#8243; global_colors_info=\u00bb{}\u00bb theme_builder_area=\u00bbpost_content\u00bb sticky_enabled=\u00bb0&#8243;]<\/p>\n<h1 data-pm-slice=\"1 1 []\"><strong>Tips para Amantes del Caf\u00e9<\/strong><\/h1>\n<ul data-spread=\"false\">\n<li>\n<p><span>Lleva una libreta para anotar las diferencias entre los perfiles de sabor que pruebes.<\/span><\/p>\n<\/li>\n<li>\n<p><span>Pregunta a los gu\u00edas sobre los mejores m\u00e9todos de preparaci\u00f3n para replicar en casa.<\/span><\/p>\n<\/li>\n<li>\n<p><span>Compra caf\u00e9 local en nuestro restaurante como recuerdo o regalo.<\/span><\/p>\n<\/li>\n<\/ul>\n<h2><span>\u00a1Una Experiencia Imperdible!<\/span><\/h2>\n<p><span>La Ruta del Caf\u00e9 en Donde Juan B es m\u00e1s que una actividad tur\u00edstica; es una oportunidad para conectarte con la esencia de una regi\u00f3n cafetera por excelencia. Reserva tu lugar y prep\u00e1rate para saborear el aut\u00e9ntico caf\u00e9 colombiano mientras disfrutas de las vistas incomparables del Valle del Cocora.<\/span><\/p>\n<p><span><\/span><\/p>\n<p><span><\/span><\/p>\n<h3><em><strong>\u00a1Te esperamos con una taza caliente y una sonrisa en Donde Juan B!<\/strong><\/em><\/h3>\n<p>[\/et_pb_text][\/et_pb_column][\/et_pb_row][\/et_pb_section]<\/p>\n","protected":false},"excerpt":{"rendered":"<p>El caf\u00e9 colombiano es reconocido mundialmente por su calidad, pero \u00bfte imaginas experimentar el proceso completo de su elaboraci\u00f3n en un entorno tan espectacular como el Valle del Cocora? En Donde Juan B, te invitamos a sumergirte en la cultura cafetera a trav\u00e9s de nuestra Ruta del Caf\u00e9, una experiencia que combina educaci\u00f3n, degustaci\u00f3n y [&hellip;]<\/p>\n","protected":false},"author":2,"featured_media":232246,"comment_status":"closed","ping_status":"open","sticky":false,"template":"","format":"standard","meta":{"_et_pb_use_builder":"on","_et_pb_old_content":"","_et_gb_content_width":"","_joinchat":[],"footnotes":""},"categories":[1],"tags":[112,125,110,100,92],"class_list":["post-232245","post","type-post","status-publish","format-standard","has-post-thumbnail","hentry","category-uncategorized","tag-cabana","tag-montanas","tag-naturaleza","tag-restaurante","tag-senderos"],"_links":{"self":[{"href":"https:\/\/www.valledelcocora.com.co\/w\/wp-json\/wp\/v2\/posts\/232245","targetHints":{"allow":["GET"]}}],"collection":[{"href":"https:\/\/www.valledelcocora.com.co\/w\/wp-json\/wp\/v2\/posts"}],"about":[{"href":"https:\/\/www.valledelcocora.com.co\/w\/wp-json\/wp\/v2\/types\/post"}],"author":[{"embeddable":true,"href":"https:\/\/www.valledelcocora.com.co\/w\/wp-json\/wp\/v2\/users\/2"}],"replies":[{"embeddable":true,"href":"https:\/\/www.valledelcocora.com.co\/w\/wp-json\/wp\/v2\/comments?post=232245"}],"version-history":[{"count":0,"href":"https:\/\/www.valledelcocora.com.co\/w\/wp-json\/wp\/v2\/posts\/232245\/revisions"}],"wp:featuredmedia":[{"embeddable":true,"href":"https:\/\/www.valledelcocora.com.co\/w\/wp-json\/wp\/v2\/media\/232246"}],"wp:attachment":[{"href":"https:\/\/www.valledelcocora.com.co\/w\/wp-json\/wp\/v2\/media?parent=232245"}],"wp:term":[{"taxonomy":"category","embeddable":true,"href":"https:\/\/www.valledelcocora.com.co\/w\/wp-json\/wp\/v2\/categories?post=232245"},{"taxonomy":"post_tag","embeddable":true,"href":"https:\/\/www.valledelcocora.com.co\/w\/wp-json\/wp\/v2\/tags?post=232245"}],"curies":[{"name":"wp","href":"https:\/\/api.w.org\/{rel}","templated":true}]}}