{"id":232190,"date":"2024-12-06T07:45:41","date_gmt":"2024-12-06T12:45:41","guid":{"rendered":"https:\/\/www.valledelcocora.com.co\/w\/?p=232190"},"modified":"2024-12-06T07:45:41","modified_gmt":"2024-12-06T12:45:41","slug":"fotografia-de-ensueno-en-el-valle-del-cocora-los-mejores-lugares-y-tips-para-capturar-la-magia","status":"publish","type":"post","link":"https:\/\/www.valledelcocora.com.co\/w\/fotografia-de-ensueno-en-el-valle-del-cocora-los-mejores-lugares-y-tips-para-capturar-la-magia\/","title":{"rendered":"Fotograf\u00eda de Ensue\u00f1o en el Valle del Cocora: Los Mejores Lugares y Tips para Capturar la Magia"},"content":{"rendered":"<p>[et_pb_section fb_built=\u00bb1&#8243; _builder_version=\u00bb4.23.1&#8243; _module_preset=\u00bbdefault\u00bb da_disable_devices=\u00bboff|off|off\u00bb global_colors_info=\u00bb{}\u00bb theme_builder_area=\u00bbpost_content\u00bb da_is_popup=\u00bboff\u00bb da_exit_intent=\u00bboff\u00bb da_has_close=\u00bbon\u00bb da_alt_close=\u00bboff\u00bb da_dark_close=\u00bboff\u00bb da_not_modal=\u00bbon\u00bb da_is_singular=\u00bboff\u00bb da_with_loader=\u00bboff\u00bb da_has_shadow=\u00bbon\u00bb][et_pb_row _builder_version=\u00bb4.23.1&#8243; _module_preset=\u00bbdefault\u00bb global_colors_info=\u00bb{}\u00bb theme_builder_area=\u00bbpost_content\u00bb][et_pb_column type=\u00bb4_4&#8243; _builder_version=\u00bb4.23.1&#8243; _module_preset=\u00bbdefault\u00bb global_colors_info=\u00bb{}\u00bb theme_builder_area=\u00bbpost_content\u00bb][et_pb_text _builder_version=\u00bb4.23.1&#8243; _module_preset=\u00bbdefault\u00bb hover_enabled=\u00bb0&#8243; global_colors_info=\u00bb{}\u00bb theme_builder_area=\u00bbpost_content\u00bb sticky_enabled=\u00bb0&#8243;]<\/p>\n<p>El Valle de Cocora es un para\u00edso para los amantes de la fotograf\u00eda. Desde sus ic\u00f3nicas palmas de cera hasta paisajes envueltos en niebla, cada rinc\u00f3n es una postal perfecta. En este blog, te compartimos los mejores lugares y tips para inmortalizar la magia del valle.<\/p>\n<h1><strong>Los Mejores Lugares para Fotografiar<\/strong><\/h1>\n<ol>\n<li><strong>Palmas de Cera al Atardecer:<\/strong> El contraste entre las palmas y el cielo naranja crea una imagen inolvidable.<\/li>\n<li><strong>Mirador de la Monta\u00f1a:<\/strong> Captura el valle desde lo alto y aprecia su inmensidad.<\/li>\n<li><strong>R\u00edo Quind\u00edo:<\/strong> Ideal para fotos de larga exposici\u00f3n que resaltan el movimiento del agua.<\/li>\n<li><strong>Puente de Madera en los Senderos:<\/strong> Un detalle pintoresco en medio de la naturaleza.<\/li>\n<\/ol>\n<p><strong>Dato curioso:<\/strong> Las palmas de cera pueden alcanzar hasta 60 metros de altura, lo que las convierte en las palmas m\u00e1s altas del mundo.<\/p>\n<p>[\/et_pb_text][\/et_pb_column][\/et_pb_row][\/et_pb_section][et_pb_section fb_built=\u00bb1&#8243; _builder_version=\u00bb4.23.1&#8243; _module_preset=\u00bbdefault\u00bb da_disable_devices=\u00bboff|off|off\u00bb global_colors_info=\u00bb{}\u00bb theme_builder_area=\u00bbpost_content\u00bb da_is_popup=\u00bboff\u00bb da_exit_intent=\u00bboff\u00bb da_has_close=\u00bbon\u00bb da_alt_close=\u00bboff\u00bb da_dark_close=\u00bboff\u00bb da_not_modal=\u00bbon\u00bb da_is_singular=\u00bboff\u00bb da_with_loader=\u00bboff\u00bb da_has_shadow=\u00bbon\u00bb][et_pb_row _builder_version=\u00bb4.23.1&#8243; _module_preset=\u00bbdefault\u00bb global_colors_info=\u00bb{}\u00bb theme_builder_area=\u00bbpost_content\u00bb][et_pb_column type=\u00bb4_4&#8243; _builder_version=\u00bb4.23.1&#8243; _module_preset=\u00bbdefault\u00bb global_colors_info=\u00bb{}\u00bb theme_builder_area=\u00bbpost_content\u00bb][et_pb_image src=\u00bbhttps:\/\/www.valledelcocora.com.co\/w\/wp-content\/uploads\/2024\/09\/valle-foto-palmas-2.png\u00bb title_text=\u00bbvalle foto palmas 2&#8243; _builder_version=\u00bb4.23.1&#8243; _module_preset=\u00bbdefault\u00bb min_height=\u00bb873px\u00bb custom_padding=\u00bb||0px|||\u00bb global_colors_info=\u00bb{}\u00bb theme_builder_area=\u00bbpost_content\u00bb custom_margin=\u00bb||-33px|||\u00bb][\/et_pb_image][\/et_pb_column][\/et_pb_row][\/et_pb_section][et_pb_section fb_built=\u00bb1&#8243; _builder_version=\u00bb4.23.1&#8243; _module_preset=\u00bbdefault\u00bb da_disable_devices=\u00bboff|off|off\u00bb global_colors_info=\u00bb{}\u00bb theme_builder_area=\u00bbpost_content\u00bb da_is_popup=\u00bboff\u00bb da_exit_intent=\u00bboff\u00bb da_has_close=\u00bbon\u00bb da_alt_close=\u00bboff\u00bb da_dark_close=\u00bboff\u00bb da_not_modal=\u00bbon\u00bb da_is_singular=\u00bboff\u00bb da_with_loader=\u00bboff\u00bb da_has_shadow=\u00bbon\u00bb][et_pb_row _builder_version=\u00bb4.23.1&#8243; _module_preset=\u00bbdefault\u00bb global_colors_info=\u00bb{}\u00bb theme_builder_area=\u00bbpost_content\u00bb][et_pb_column type=\u00bb4_4&#8243; _builder_version=\u00bb4.23.1&#8243; _module_preset=\u00bbdefault\u00bb global_colors_info=\u00bb{}\u00bb theme_builder_area=\u00bbpost_content\u00bb][et_pb_text _builder_version=\u00bb4.23.1&#8243; _module_preset=\u00bbdefault\u00bb hover_enabled=\u00bb0&#8243; global_colors_info=\u00bb{}\u00bb theme_builder_area=\u00bbpost_content\u00bb sticky_enabled=\u00bb0&#8243;]<\/p>\n<h1><strong>Tips para Capturar las Mejores Im\u00e1genes<\/strong><\/h1>\n<ul>\n<li><strong>Luz Dorada:<\/strong> Aprovecha las primeras horas de la ma\u00f1ana y el atardecer para obtener una iluminaci\u00f3n c\u00e1lida y suave.<\/li>\n<li><strong>Perspectivas \u00danicas:<\/strong> Juega con diferentes \u00e1ngulos para resaltar la majestuosidad de las palmas.<\/li>\n<li><strong>Equipo Recomendado:<\/strong> Lleva un tr\u00edpode para tomas estables y un filtro polarizador para resaltar los colores.<\/li>\n<li><strong>Conecta con la Naturaleza:<\/strong> Camina con calma y encuentra rincones menos concurridos.<\/li>\n<\/ul>\n<h1><strong>Experiencia Fotogr\u00e1fica con Donde Juan B<\/strong><\/h1>\n<p>En Donde Juan B, entendemos la pasi\u00f3n por la fotograf\u00eda y ofrecemos servicios especiales para que tu experiencia sea perfecta:<\/p>\n<ul>\n<li><strong>Tours Guiados para Fot\u00f3grafos:<\/strong> Visitas dise\u00f1adas para encontrar los mejores escenarios y condiciones de luz.<\/li>\n<li><strong>Puntos Exclusivos:<\/strong> Acceso a \u00e1reas privadas del valle.<\/li>\n<li><strong>Consejos Pr\u00e1cticos:<\/strong> Nuestros gu\u00edas te ayudar\u00e1n a encontrar el encuadre perfecto.<\/li>\n<\/ul>\n<p>[\/et_pb_text][\/et_pb_column][\/et_pb_row][\/et_pb_section][et_pb_section fb_built=\u00bb1&#8243; _builder_version=\u00bb4.23.1&#8243; _module_preset=\u00bbdefault\u00bb da_disable_devices=\u00bboff|off|off\u00bb global_colors_info=\u00bb{}\u00bb theme_builder_area=\u00bbpost_content\u00bb da_is_popup=\u00bboff\u00bb da_exit_intent=\u00bboff\u00bb da_has_close=\u00bbon\u00bb da_alt_close=\u00bboff\u00bb da_dark_close=\u00bboff\u00bb da_not_modal=\u00bbon\u00bb da_is_singular=\u00bboff\u00bb da_with_loader=\u00bboff\u00bb da_has_shadow=\u00bbon\u00bb][et_pb_row column_structure=\u00bb1_2,1_2&#8243; _builder_version=\u00bb4.23.1&#8243; _module_preset=\u00bbdefault\u00bb global_colors_info=\u00bb{}\u00bb theme_builder_area=\u00bbpost_content\u00bb][et_pb_column type=\u00bb1_2&#8243; _builder_version=\u00bb4.23.1&#8243; _module_preset=\u00bbdefault\u00bb global_colors_info=\u00bb{}\u00bb theme_builder_area=\u00bbpost_content\u00bb][et_pb_image src=\u00bbhttps:\/\/www.valledelcocora.com.co\/w\/wp-content\/uploads\/2024\/07\/Caballos.jpg\u00bb title_text=\u00bbCaballos\u00bb _builder_version=\u00bb4.23.1&#8243; _module_preset=\u00bbdefault\u00bb hover_enabled=\u00bb0&#8243; global_colors_info=\u00bb{}\u00bb theme_builder_area=\u00bbpost_content\u00bb sticky_enabled=\u00bb0&#8243; custom_margin=\u00bb||33px|||\u00bb min_height=\u00bb304.1px\u00bb][\/et_pb_image][\/et_pb_column][et_pb_column type=\u00bb1_2&#8243; _builder_version=\u00bb4.23.1&#8243; _module_preset=\u00bbdefault\u00bb global_colors_info=\u00bb{}\u00bb theme_builder_area=\u00bbpost_content\u00bb][et_pb_image src=\u00bbhttps:\/\/www.valledelcocora.com.co\/w\/wp-content\/uploads\/2024\/05\/20180109_152044.jpg\u00bb title_text=\u00bb20180109_152044&#8243; _builder_version=\u00bb4.23.1&#8243; _module_preset=\u00bbdefault\u00bb hover_enabled=\u00bb0&#8243; global_colors_info=\u00bb{}\u00bb theme_builder_area=\u00bbpost_content\u00bb sticky_enabled=\u00bb0&#8243;][\/et_pb_image][\/et_pb_column][\/et_pb_row][et_pb_row _builder_version=\u00bb4.23.1&#8243; _module_preset=\u00bbdefault\u00bb global_colors_info=\u00bb{}\u00bb theme_builder_area=\u00bbpost_content\u00bb][et_pb_column type=\u00bb4_4&#8243; _builder_version=\u00bb4.23.1&#8243; _module_preset=\u00bbdefault\u00bb global_colors_info=\u00bb{}\u00bb theme_builder_area=\u00bbpost_content\u00bb][et_pb_text _builder_version=\u00bb4.23.1&#8243; _module_preset=\u00bbdefault\u00bb hover_enabled=\u00bb0&#8243; global_colors_info=\u00bb{}\u00bb theme_builder_area=\u00bbpost_content\u00bb sticky_enabled=\u00bb0&#8243;]<\/p>\n<h1><strong>\u00danete a la Comunidad Fotogr\u00e1fica<\/strong><\/h1>\n<p>Comparte tus mejores fotos del Valle del Cocora en nuestras redes sociales valledelcocora.juanb \u00a0y forma parte de la comunidad que inmortaliza la belleza de este lugar.<\/p>\n<h2><strong>Reserva tu experiencia fotogr\u00e1fica hoy mismo&#8230;<\/strong><\/h2>\n<p>Y captura momentos que permanecer\u00e1n contigo para siempre. \u00a1El Valle del Cocora te espera con su magia y encanto \u00fanicos!<\/p>\n<p>[\/et_pb_text][\/et_pb_column][\/et_pb_row][et_pb_row _builder_version=\u00bb4.23.1&#8243; _module_preset=\u00bbdefault\u00bb global_colors_info=\u00bb{}\u00bb theme_builder_area=\u00bbpost_content\u00bb][et_pb_column type=\u00bb4_4&#8243; _builder_version=\u00bb4.23.1&#8243; _module_preset=\u00bbdefault\u00bb global_colors_info=\u00bb{}\u00bb theme_builder_area=\u00bbpost_content\u00bb][et_pb_image src=\u00bbhttps:\/\/www.valledelcocora.com.co\/w\/wp-content\/uploads\/2024\/10\/paramo-de-romeral.jpg\u00bb title_text=\u00bbparamo de romeral\u00bb _builder_version=\u00bb4.23.1&#8243; _module_preset=\u00bbdefault\u00bb global_colors_info=\u00bb{}\u00bb theme_builder_area=\u00bbpost_content\u00bb][\/et_pb_image][\/et_pb_column][\/et_pb_row][\/et_pb_section]<\/p>\n","protected":false},"excerpt":{"rendered":"<p>El Valle de Cocora es un para\u00edso para los amantes de la fotograf\u00eda. Desde sus ic\u00f3nicas palmas de cera hasta paisajes envueltos en niebla, cada rinc\u00f3n es una postal perfecta. En este blog, te compartimos los mejores lugares y tips para inmortalizar la magia del valle. Los Mejores Lugares para Fotografiar Palmas de Cera al [&hellip;]<\/p>\n","protected":false},"author":2,"featured_media":232191,"comment_status":"closed","ping_status":"open","sticky":false,"template":"","format":"standard","meta":{"_et_pb_use_builder":"on","_et_pb_old_content":"","_et_gb_content_width":"","_joinchat":[],"footnotes":""},"categories":[116],"tags":[105,123,110,92],"class_list":["post-232190","post","type-post","status-publish","format-standard","has-post-thumbnail","hentry","category-experiencias","tag-cabalgata","tag-fotografia","tag-naturaleza","tag-senderos"],"_links":{"self":[{"href":"https:\/\/www.valledelcocora.com.co\/w\/wp-json\/wp\/v2\/posts\/232190","targetHints":{"allow":["GET"]}}],"collection":[{"href":"https:\/\/www.valledelcocora.com.co\/w\/wp-json\/wp\/v2\/posts"}],"about":[{"href":"https:\/\/www.valledelcocora.com.co\/w\/wp-json\/wp\/v2\/types\/post"}],"author":[{"embeddable":true,"href":"https:\/\/www.valledelcocora.com.co\/w\/wp-json\/wp\/v2\/users\/2"}],"replies":[{"embeddable":true,"href":"https:\/\/www.valledelcocora.com.co\/w\/wp-json\/wp\/v2\/comments?post=232190"}],"version-history":[{"count":0,"href":"https:\/\/www.valledelcocora.com.co\/w\/wp-json\/wp\/v2\/posts\/232190\/revisions"}],"wp:featuredmedia":[{"embeddable":true,"href":"https:\/\/www.valledelcocora.com.co\/w\/wp-json\/wp\/v2\/media\/232191"}],"wp:attachment":[{"href":"https:\/\/www.valledelcocora.com.co\/w\/wp-json\/wp\/v2\/media?parent=232190"}],"wp:term":[{"taxonomy":"category","embeddable":true,"href":"https:\/\/www.valledelcocora.com.co\/w\/wp-json\/wp\/v2\/categories?post=232190"},{"taxonomy":"post_tag","embeddable":true,"href":"https:\/\/www.valledelcocora.com.co\/w\/wp-json\/wp\/v2\/tags?post=232190"}],"curies":[{"name":"wp","href":"https:\/\/api.w.org\/{rel}","templated":true}]}}