{"id":232140,"date":"2024-11-20T10:10:52","date_gmt":"2024-11-20T15:10:52","guid":{"rendered":"https:\/\/www.valledelcocora.com.co\/w\/?p=232140"},"modified":"2024-11-20T10:11:02","modified_gmt":"2024-11-20T15:11:02","slug":"el-valle-de-cocora-un-modelo-de-turismo-responsable-para-el-futuro-de-colombia","status":"publish","type":"post","link":"https:\/\/www.valledelcocora.com.co\/w\/el-valle-de-cocora-un-modelo-de-turismo-responsable-para-el-futuro-de-colombia\/","title":{"rendered":"El Valle de Cocora: Un Modelo de Turismo Responsable para el Futuro de Colombia"},"content":{"rendered":"\n[et_pb_section fb_built=\u00bb1&#8243; _builder_version=\u00bb4.23.1&#8243; _module_preset=\u00bbdefault\u00bb da_disable_devices=\u00bboff|off|off\u00bb global_colors_info=\u00bb{}\u00bb theme_builder_area=\u00bbpost_content\u00bb da_is_popup=\u00bboff\u00bb da_exit_intent=\u00bboff\u00bb da_has_close=\u00bbon\u00bb da_alt_close=\u00bboff\u00bb da_dark_close=\u00bboff\u00bb da_not_modal=\u00bbon\u00bb da_is_singular=\u00bboff\u00bb da_with_loader=\u00bboff\u00bb da_has_shadow=\u00bbon\u00bb][et_pb_row _builder_version=\u00bb4.23.1&#8243; _module_preset=\u00bbdefault\u00bb global_colors_info=\u00bb{}\u00bb theme_builder_area=\u00bbpost_content\u00bb][et_pb_column type=\u00bb4_4&#8243; _builder_version=\u00bb4.23.1&#8243; _module_preset=\u00bbdefault\u00bb global_colors_info=\u00bb{}\u00bb theme_builder_area=\u00bbpost_content\u00bb][et_pb_text _builder_version=\u00bb4.23.1&#8243; _module_preset=\u00bbdefault\u00bb hover_enabled=\u00bb0&#8243; global_colors_info=\u00bb{}\u00bb theme_builder_area=\u00bbpost_content\u00bb sticky_enabled=\u00bb0&#8243;]<p>Descubre c\u00f3mo <strong>Bosques de Cocora<\/strong> y <strong>Juan B<\/strong> est\u00e1n liderando el camino del <strong>turismo sostenible en Colombia<\/strong>, combinando la <strong>conservaci\u00f3n del medio ambiente<\/strong> con experiencias \u00fanicas y responsables en el coraz\u00f3n del <strong>Valle de Cocora<\/strong>.<\/p>\n<p>&nbsp;<\/p>\n<p>El <strong>Valle de Cocora<\/strong>, conocido por su impresionante paisaje de <strong>palmas de cera<\/strong> (el \u00e1rbol nacional de Colombia), no es solo un destino tur\u00edstico, sino un referente mundial de <strong>ecoturismo sostenible<\/strong>. En este rinc\u00f3n de Colombia, la belleza natural se encuentra con un compromiso profundo hacia la <strong>conservaci\u00f3n ambiental<\/strong> y el apoyo a las <strong>comunidades locales<\/strong>. <strong>Bosques de Cocora<\/strong> y <strong>Juan B<\/strong> se han unido para ofrecer <strong>experiencias \u00fanicas<\/strong> que no solo cautivan los sentidos, sino que tambi\u00e9n fomentan la <strong>sostenibilidad en el turismo<\/strong>. En este blog, te contamos c\u00f3mo estamos contribuyendo al <strong>turismo responsable<\/strong> y c\u00f3mo t\u00fa puedes ser parte de este movimiento al visitar el <strong>Valle de Cocora<\/strong>.<\/p>[\/et_pb_text][\/et_pb_column][\/et_pb_row][et_pb_row _builder_version=\u00bb4.23.1&#8243; _module_preset=\u00bbdefault\u00bb global_colors_info=\u00bb{}\u00bb theme_builder_area=\u00bbpost_content\u00bb][et_pb_column type=\u00bb4_4&#8243; _builder_version=\u00bb4.23.1&#8243; _module_preset=\u00bbdefault\u00bb global_colors_info=\u00bb{}\u00bb theme_builder_area=\u00bbpost_content\u00bb][et_pb_text _builder_version=\u00bb4.23.1&#8243; _module_preset=\u00bbdefault\u00bb hover_enabled=\u00bb0&#8243; global_colors_info=\u00bb{}\u00bb theme_builder_area=\u00bbpost_content\u00bb sticky_enabled=\u00bb0&#8243;]<h1><strong>Un Destino Ecol\u00f3gico Comprometido con la Conservaci\u00f3n<\/strong><\/h1>\n<p>El <strong>Valle de Cocora<\/strong> ha sido reconocido por sus esfuerzos en <strong>preservar la biodiversidad<\/strong> y promover el <strong>ecoturismo<\/strong>. Sin embargo, el compromiso no se limita solo a la conservaci\u00f3n del paisaje, sino que tambi\u00e9n involucra a las personas que viven aqu\u00ed. <strong>Bosques de Cocora<\/strong> se ha convertido en un l\u00edder local al integrar pr\u00e1cticas ecol\u00f3gicas en todas sus actividades tur\u00edsticas. Desde la <strong>reforestaci\u00f3n<\/strong> hasta el respeto por la <strong>fauna local<\/strong>, trabajamos para garantizar que nuestras visitas al valle no solo sean inolvidables, sino que tambi\u00e9n contribuyan a la <strong>protecci\u00f3n del medio ambiente<\/strong>.<\/p>[\/et_pb_text][\/et_pb_column][\/et_pb_row][\/et_pb_section][et_pb_section fb_built=\u00bb1&#8243; _builder_version=\u00bb4.23.1&#8243; _module_preset=\u00bbdefault\u00bb da_disable_devices=\u00bboff|off|off\u00bb global_colors_info=\u00bb{}\u00bb theme_builder_area=\u00bbpost_content\u00bb da_is_popup=\u00bboff\u00bb da_exit_intent=\u00bboff\u00bb da_has_close=\u00bbon\u00bb da_alt_close=\u00bboff\u00bb da_dark_close=\u00bboff\u00bb da_not_modal=\u00bbon\u00bb da_is_singular=\u00bboff\u00bb da_with_loader=\u00bboff\u00bb da_has_shadow=\u00bbon\u00bb][et_pb_row _builder_version=\u00bb4.23.1&#8243; _module_preset=\u00bbdefault\u00bb global_colors_info=\u00bb{}\u00bb theme_builder_area=\u00bbpost_content\u00bb][et_pb_column type=\u00bb4_4&#8243; _builder_version=\u00bb4.23.1&#8243; _module_preset=\u00bbdefault\u00bb global_colors_info=\u00bb{}\u00bb theme_builder_area=\u00bbpost_content\u00bb][et_pb_image src=\u00bbhttps:\/\/www.valledelcocora.com.co\/w\/wp-content\/uploads\/2024\/09\/valle-foto-palmas-2.png\u00bb title_text=\u00bbvalle foto palmas 2&#8243; _builder_version=\u00bb4.23.1&#8243; _module_preset=\u00bbdefault\u00bb min_height=\u00bb873px\u00bb custom_padding=\u00bb||0px|||\u00bb global_colors_info=\u00bb{}\u00bb theme_builder_area=\u00bbpost_content\u00bb][\/et_pb_image][\/et_pb_column][\/et_pb_row][\/et_pb_section][et_pb_section fb_built=\u00bb1&#8243; _builder_version=\u00bb4.23.1&#8243; _module_preset=\u00bbdefault\u00bb da_disable_devices=\u00bboff|off|off\u00bb global_colors_info=\u00bb{}\u00bb theme_builder_area=\u00bbpost_content\u00bb da_is_popup=\u00bboff\u00bb da_exit_intent=\u00bboff\u00bb da_has_close=\u00bbon\u00bb da_alt_close=\u00bboff\u00bb da_dark_close=\u00bboff\u00bb da_not_modal=\u00bbon\u00bb da_is_singular=\u00bboff\u00bb da_with_loader=\u00bboff\u00bb da_has_shadow=\u00bbon\u00bb][et_pb_row _builder_version=\u00bb4.23.1&#8243; _module_preset=\u00bbdefault\u00bb global_colors_info=\u00bb{}\u00bb theme_builder_area=\u00bbpost_content\u00bb][et_pb_column type=\u00bb4_4&#8243; _builder_version=\u00bb4.23.1&#8243; _module_preset=\u00bbdefault\u00bb global_colors_info=\u00bb{}\u00bb theme_builder_area=\u00bbpost_content\u00bb][et_pb_text _builder_version=\u00bb4.23.1&#8243; _module_preset=\u00bbdefault\u00bb hover_enabled=\u00bb0&#8243; global_colors_info=\u00bb{}\u00bb theme_builder_area=\u00bbpost_content\u00bb sticky_enabled=\u00bb0&#8243;]<h1><strong>Iniciativas de Sostenibilidad en Bosques de Cocora<\/strong><\/h1>\n<p>En <strong>Bosques de Cocora<\/strong>, nos enorgullece liderar varias iniciativas que refuerzan nuestro compromiso con la <strong>sostenibilidad<\/strong>:<\/p>\n<ul>\n<li><strong>Ritual de Siembra de la Palma de Cera<\/strong>: Como parte de nuestro esfuerzo por <strong>reforestar el Valle de Cocora<\/strong>, ofrecemos a los visitantes la oportunidad de participar en nuestro <strong>ritual de siembra de palmas de cera<\/strong>, el <strong>\u00e1rbol nacional de Colombia<\/strong>. Este gesto simb\u00f3lico contribuye directamente a la <strong>reforestaci\u00f3n<\/strong> y educa a las nuevas generaciones sobre la importancia de proteger este <strong>ecosistema \u00fanico<\/strong>.<\/li>\n<li><strong>Cero Residuos en el Restaurante Juan B<\/strong>: En nuestro restaurante <strong>Juan B<\/strong>, hemos implementado un proceso de <strong>cero residuos<\/strong> que convierte los desechos alimenticios en <strong>abono natural<\/strong> para nuestra <strong>huerta org\u00e1nica<\/strong>. Con este proceso, cerramos el ciclo de los alimentos de manera <strong>sostenible<\/strong>, contribuyendo al bienestar de la tierra y garantizando ingredientes frescos para nuestros platos.<\/li>\n<\/ul>\n<h1><strong>Beneficios del Turismo Responsable para las Comunidades Locales<\/strong><\/h1>\n<p>El <strong>turismo sostenible<\/strong> no solo ayuda a preservar el medio ambiente, sino que tambi\u00e9n apoya a las <strong>comunidades locales<\/strong>. En <strong>Bosques de Cocora<\/strong> y <strong>Juan B<\/strong>, nos aseguramos de que el dinero generado por las <strong>caminatas guiadas<\/strong>, la <strong>siembra de palmas<\/strong> y nuestras experiencias gastron\u00f3micas fluya directamente a las <strong>familias locales<\/strong> y a iniciativas comunitarias. Al elegirnos, no solo vives una experiencia \u00fanica, sino que tambi\u00e9n contribuyes al <strong>desarrollo econ\u00f3mico del Valle<\/strong> y fomentas el bienestar de quienes lo habitan.<\/p>[\/et_pb_text][\/et_pb_column][\/et_pb_row][\/et_pb_section][et_pb_section fb_built=\u00bb1&#8243; _builder_version=\u00bb4.23.1&#8243; _module_preset=\u00bbdefault\u00bb da_disable_devices=\u00bboff|off|off\u00bb global_colors_info=\u00bb{}\u00bb theme_builder_area=\u00bbpost_content\u00bb da_is_popup=\u00bboff\u00bb da_exit_intent=\u00bboff\u00bb da_has_close=\u00bbon\u00bb da_alt_close=\u00bboff\u00bb da_dark_close=\u00bboff\u00bb da_not_modal=\u00bbon\u00bb da_is_singular=\u00bboff\u00bb da_with_loader=\u00bboff\u00bb da_has_shadow=\u00bbon\u00bb][et_pb_row column_structure=\u00bb1_2,1_2&#8243; _builder_version=\u00bb4.23.1&#8243; _module_preset=\u00bbdefault\u00bb global_colors_info=\u00bb{}\u00bb theme_builder_area=\u00bbpost_content\u00bb][et_pb_column type=\u00bb1_2&#8243; _builder_version=\u00bb4.23.1&#8243; _module_preset=\u00bbdefault\u00bb global_colors_info=\u00bb{}\u00bb theme_builder_area=\u00bbpost_content\u00bb][et_pb_image src=\u00bbhttps:\/\/www.valledelcocora.com.co\/w\/wp-content\/uploads\/2024\/10\/paramo-de-romeral.jpg\u00bb _builder_version=\u00bb4.23.1&#8243; _module_preset=\u00bbdefault\u00bb theme_builder_area=\u00bbpost_content\u00bb title_text=\u00bbparamo de romeral\u00bb hover_enabled=\u00bb0&#8243; sticky_enabled=\u00bb0&#8243;][\/et_pb_image][\/et_pb_column][et_pb_column type=\u00bb1_2&#8243; _builder_version=\u00bb4.23.1&#8243; _module_preset=\u00bbdefault\u00bb global_colors_info=\u00bb{}\u00bb theme_builder_area=\u00bbpost_content\u00bb][et_pb_image src=\u00bbhttps:\/\/www.valledelcocora.com.co\/w\/wp-content\/uploads\/2024\/06\/condor-en-el-valle-neblina.png\u00bb _builder_version=\u00bb4.23.1&#8243; _module_preset=\u00bbdefault\u00bb theme_builder_area=\u00bbpost_content\u00bb title_text=\u00bbcondor en el valle neblina\u00bb hover_enabled=\u00bb0&#8243; sticky_enabled=\u00bb0&#8243; min_height=\u00bb408px\u00bb][\/et_pb_image][\/et_pb_column][\/et_pb_row][et_pb_row _builder_version=\u00bb4.23.1&#8243; _module_preset=\u00bbdefault\u00bb global_colors_info=\u00bb{}\u00bb theme_builder_area=\u00bbpost_content\u00bb][et_pb_column type=\u00bb4_4&#8243; _builder_version=\u00bb4.23.1&#8243; _module_preset=\u00bbdefault\u00bb global_colors_info=\u00bb{}\u00bb theme_builder_area=\u00bbpost_content\u00bb][et_pb_text _builder_version=\u00bb4.23.1&#8243; _module_preset=\u00bbdefault\u00bb hover_enabled=\u00bb0&#8243; global_colors_info=\u00bb{}\u00bb theme_builder_area=\u00bbpost_content\u00bb sticky_enabled=\u00bb0&#8243;]<h1><strong>Experiencias \u00danicas para los Amantes del Ecoturismo<\/strong><\/h1>\n<p>En <strong>Bosques de Cocora<\/strong>, tenemos una amplia variedad de <strong>experiencias ecotur\u00edsticas<\/strong> para que puedas disfrutar del <strong>valle de Cocora<\/strong> de una manera respetuosa y educativa. Desde nuestras <strong>caminatas guiadas<\/strong> por expertos en flora y fauna, hasta actividades de <strong>concientizaci\u00f3n ambiental<\/strong> que ense\u00f1an sobre la biodiversidad del lugar, cada paso que tomas en este para\u00edso natural est\u00e1 orientado a hacer de tu visita un acto de conservaci\u00f3n.<\/p>\n<h2><strong>Tu Visita Puede Marcar la Diferencia<\/strong><\/h2>\n<p>Cuando decides venir a <strong>Bosques de Cocora<\/strong> y comer en <strong>Juan B<\/strong>, no solo disfrutas de un entorno m\u00e1gico, sino que tambi\u00e9n participas activamente en la <strong>preservaci\u00f3n del Valle de Cocora<\/strong>. Ven y s\u00e9 parte de nuestras <strong>experiencias ecotur\u00edsticas<\/strong>: siembra una palma de cera, degusta una deliciosa <strong>trucha fresca<\/strong> mientras disfrutas de la vista, y aprende de la importancia de un <strong>turismo respetuoso y responsable<\/strong>.<\/p>[\/et_pb_text][\/et_pb_column][\/et_pb_row][et_pb_row _builder_version=\u00bb4.23.1&#8243; _module_preset=\u00bbdefault\u00bb global_colors_info=\u00bb{}\u00bb theme_builder_area=\u00bbpost_content\u00bb][et_pb_column type=\u00bb4_4&#8243; _builder_version=\u00bb4.23.1&#8243; _module_preset=\u00bbdefault\u00bb global_colors_info=\u00bb{}\u00bb theme_builder_area=\u00bbpost_content\u00bb][et_pb_image src=\u00bbhttps:\/\/www.valledelcocora.com.co\/w\/wp-content\/uploads\/2024\/05\/lumbre-glamorous-camping02.jpg\u00bb _builder_version=\u00bb4.23.1&#8243; _module_preset=\u00bbdefault\u00bb theme_builder_area=\u00bbpost_content\u00bb title_text=\u00bblumbre-glamorous-camping02&#8243; hover_enabled=\u00bb0&#8243; sticky_enabled=\u00bb0&#8243;][\/et_pb_image][\/et_pb_column][\/et_pb_row][\/et_pb_section][et_pb_section fb_built=\u00bb1&#8243; _builder_version=\u00bb4.23.1&#8243; _module_preset=\u00bbdefault\u00bb da_disable_devices=\u00bboff|off|off\u00bb global_colors_info=\u00bb{}\u00bb theme_builder_area=\u00bbpost_content\u00bb da_is_popup=\u00bboff\u00bb da_exit_intent=\u00bboff\u00bb da_has_close=\u00bbon\u00bb da_alt_close=\u00bboff\u00bb da_dark_close=\u00bboff\u00bb da_not_modal=\u00bbon\u00bb da_is_singular=\u00bboff\u00bb da_with_loader=\u00bboff\u00bb da_has_shadow=\u00bbon\u00bb][et_pb_row _builder_version=\u00bb4.23.1&#8243; _module_preset=\u00bbdefault\u00bb global_colors_info=\u00bb{}\u00bb theme_builder_area=\u00bbpost_content\u00bb][et_pb_column type=\u00bb4_4&#8243; _builder_version=\u00bb4.23.1&#8243; _module_preset=\u00bbdefault\u00bb global_colors_info=\u00bb{}\u00bb theme_builder_area=\u00bbpost_content\u00bb][et_pb_text _builder_version=\u00bb4.23.1&#8243; _module_preset=\u00bbdefault\u00bb hover_enabled=\u00bb0&#8243; global_colors_info=\u00bb{}\u00bb theme_builder_area=\u00bbpost_content\u00bb sticky_enabled=\u00bb0&#8243;]<h1><strong>\u00a1S\u00e9 Parte del Cambio!<\/strong><\/h1>\n<h1><strong>Reserva tu Experiencia Sostenible en el Valle de Cocora<\/strong><\/h1>\n<h4>Te invitamos a ser parte de este movimiento de <strong>turismo responsable<\/strong>. Al reservar tu <strong>experiencia ecotur\u00edstica<\/strong> con nosotros, no solo disfrutar\u00e1s de paisajes impresionantes y una gastronom\u00eda deliciosa, sino que tambi\u00e9n contribuir\u00e1s directamente a la <strong>conservaci\u00f3n del Valle de Cocora<\/strong>. Ven a <strong>Bosques de Cocora<\/strong>, participa en el <strong>ritual de siembra de la palma de cera<\/strong>, y disfruta de una comida fresca en el <strong>restaurante Juan B<\/strong>, todo mientras haces una diferencia en la preservaci\u00f3n de este maravilloso lugar. <strong><span>\u00a1Te esperamos!<\/span><\/strong><\/h4>\n<h4><span>\u00a0<\/span><\/h4>[\/et_pb_text][\/et_pb_column][\/et_pb_row][et_pb_row _builder_version=\u00bb4.23.1&#8243; _module_preset=\u00bbdefault\u00bb global_colors_info=\u00bb{}\u00bb theme_builder_area=\u00bbpost_content\u00bb][et_pb_column type=\u00bb4_4&#8243; _builder_version=\u00bb4.23.1&#8243; _module_preset=\u00bbdefault\u00bb global_colors_info=\u00bb{}\u00bb theme_builder_area=\u00bbpost_content\u00bb][et_pb_image src=\u00bbhttps:\/\/www.valledelcocora.com.co\/w\/wp-content\/uploads\/2024\/09\/paisaje-azul-cielo.jpeg\u00bb title_text=\u00bbpaisaje azul cielo\u00bb _builder_version=\u00bb4.23.1&#8243; _module_preset=\u00bbdefault\u00bb hover_enabled=\u00bb0&#8243; global_colors_info=\u00bb{}\u00bb theme_builder_area=\u00bbpost_content\u00bb sticky_enabled=\u00bb0&#8243;][\/et_pb_image][\/et_pb_column][\/et_pb_row][\/et_pb_section]\n","protected":false},"excerpt":{"rendered":"<p>Descubre c\u00f3mo Bosques de Cocora y Juan B est\u00e1n liderando el camino del turismo sostenible en Colombia, combinando la conservaci\u00f3n del medio ambiente con experiencias \u00fanicas y responsables en el coraz\u00f3n del Valle de Cocora. &nbsp; El Valle de Cocora, conocido por su impresionante paisaje de palmas de cera (el \u00e1rbol nacional de Colombia), no [&hellip;]<\/p>\n","protected":false},"author":2,"featured_media":231220,"comment_status":"closed","ping_status":"open","sticky":false,"template":"","format":"standard","meta":{"_et_pb_use_builder":"on","_et_pb_old_content":"","_et_gb_content_width":"","_joinchat":[],"footnotes":""},"categories":[1],"tags":[105,110,92,121],"class_list":["post-232140","post","type-post","status-publish","format-standard","has-post-thumbnail","hentry","category-uncategorized","tag-cabalgata","tag-naturaleza","tag-senderos","tag-sostenible"],"_links":{"self":[{"href":"https:\/\/www.valledelcocora.com.co\/w\/wp-json\/wp\/v2\/posts\/232140","targetHints":{"allow":["GET"]}}],"collection":[{"href":"https:\/\/www.valledelcocora.com.co\/w\/wp-json\/wp\/v2\/posts"}],"about":[{"href":"https:\/\/www.valledelcocora.com.co\/w\/wp-json\/wp\/v2\/types\/post"}],"author":[{"embeddable":true,"href":"https:\/\/www.valledelcocora.com.co\/w\/wp-json\/wp\/v2\/users\/2"}],"replies":[{"embeddable":true,"href":"https:\/\/www.valledelcocora.com.co\/w\/wp-json\/wp\/v2\/comments?post=232140"}],"version-history":[{"count":0,"href":"https:\/\/www.valledelcocora.com.co\/w\/wp-json\/wp\/v2\/posts\/232140\/revisions"}],"wp:featuredmedia":[{"embeddable":true,"href":"https:\/\/www.valledelcocora.com.co\/w\/wp-json\/wp\/v2\/media\/231220"}],"wp:attachment":[{"href":"https:\/\/www.valledelcocora.com.co\/w\/wp-json\/wp\/v2\/media?parent=232140"}],"wp:term":[{"taxonomy":"category","embeddable":true,"href":"https:\/\/www.valledelcocora.com.co\/w\/wp-json\/wp\/v2\/categories?post=232140"},{"taxonomy":"post_tag","embeddable":true,"href":"https:\/\/www.valledelcocora.com.co\/w\/wp-json\/wp\/v2\/tags?post=232140"}],"curies":[{"name":"wp","href":"https:\/\/api.w.org\/{rel}","templated":true}]}}