{"id":232121,"date":"2024-11-13T09:50:57","date_gmt":"2024-11-13T14:50:57","guid":{"rendered":"https:\/\/www.valledelcocora.com.co\/w\/?p=232121"},"modified":"2024-11-13T09:50:58","modified_gmt":"2024-11-13T14:50:58","slug":"valle-del-cocora-y-la-palma-de-cera-la-maravilla-natural-de-colombia-que-no-te-puedes-perder","status":"publish","type":"post","link":"https:\/\/www.valledelcocora.com.co\/w\/valle-del-cocora-y-la-palma-de-cera-la-maravilla-natural-de-colombia-que-no-te-puedes-perder\/","title":{"rendered":"Valle del Cocora y la Palma de Cera: La Maravilla Natural de Colombia que No Te Puedes Perder"},"content":{"rendered":"<p>[et_pb_section fb_built=\u00bb1&#8243; _builder_version=\u00bb4.23.1&#8243; _module_preset=\u00bbdefault\u00bb da_disable_devices=\u00bboff|off|off\u00bb global_colors_info=\u00bb{}\u00bb theme_builder_area=\u00bbpost_content\u00bb da_is_popup=\u00bboff\u00bb da_exit_intent=\u00bboff\u00bb da_has_close=\u00bbon\u00bb da_alt_close=\u00bboff\u00bb da_dark_close=\u00bboff\u00bb da_not_modal=\u00bbon\u00bb da_is_singular=\u00bboff\u00bb da_with_loader=\u00bboff\u00bb da_has_shadow=\u00bbon\u00bb][et_pb_row _builder_version=\u00bb4.23.1&#8243; _module_preset=\u00bbdefault\u00bb global_colors_info=\u00bb{}\u00bb theme_builder_area=\u00bbpost_content\u00bb][et_pb_column type=\u00bb4_4&#8243; _builder_version=\u00bb4.23.1&#8243; _module_preset=\u00bbdefault\u00bb global_colors_info=\u00bb{}\u00bb theme_builder_area=\u00bbpost_content\u00bb][et_pb_text _builder_version=\u00bb4.23.1&#8243; _module_preset=\u00bbdefault\u00bb hover_enabled=\u00bb0&#8243; global_colors_info=\u00bb{}\u00bb theme_builder_area=\u00bbpost_content\u00bb sticky_enabled=\u00bb0&#8243;]<\/p>\n<p>Explora el Valle del Cocora y marav\u00edllate con la Palma de Cera, s\u00edmbolo natural de Colombia y hogar de biodiversidad \u00fanica. Con\u00e9ctate con el esp\u00edritu de la naturaleza y \u00fanete a su conservaci\u00f3n.<\/p>\n<p>[\/et_pb_text][\/et_pb_column][\/et_pb_row][et_pb_row _builder_version=\u00bb4.23.1&#8243; _module_preset=\u00bbdefault\u00bb global_colors_info=\u00bb{}\u00bb theme_builder_area=\u00bbpost_content\u00bb][et_pb_column type=\u00bb4_4&#8243; _builder_version=\u00bb4.23.1&#8243; _module_preset=\u00bbdefault\u00bb global_colors_info=\u00bb{}\u00bb theme_builder_area=\u00bbpost_content\u00bb][et_pb_text _builder_version=\u00bb4.23.1&#8243; _module_preset=\u00bbdefault\u00bb hover_enabled=\u00bb0&#8243; global_colors_info=\u00bb{}\u00bb theme_builder_area=\u00bbpost_content\u00bb sticky_enabled=\u00bb0&#8243;]<\/p>\n<h1>La Palma de Cera: Guardiana de los Andes y Monumento Natural<\/h1>\n<p>&nbsp;<\/p>\n<p>El Valle del Cocora alberga la palma de cera (Ceroxylon quindiuense), declarada \u00c1rbol Nacional de Colombia en 1985 y una de las palmeras m\u00e1s altas del mundo, llegando a medir entre 50 y 60 metros. Esta planta milenaria es un emblema de los Andes y de la biodiversidad de Colombia. Con su altura imponente y esbelta silueta, se destaca entre la niebla andina, creando una escena m\u00edstica y majestuosa que deja a los visitantes sin aliento.<\/p>\n<p>Los antiguos ind\u00edgenas Quimbayas ve\u00edan en esta palma un s\u00edmbolo sagrado, un puente entre la tierra y el cielo. Para ellos, sus ra\u00edces eran la conexi\u00f3n directa con los esp\u00edritus de la naturaleza. Esta palmera no solo cumple una funci\u00f3n est\u00e9tica, sino que forma parte de un ecosistema complejo que sostiene a especies en peligro de extinci\u00f3n.<\/p>\n<h2><strong>Dato curioso:<\/strong> \u00a1La palma de cera es tan longeva que puede vivir m\u00e1s de 200 a\u00f1os! Durante ese tiempo, se convierte en el h\u00e1bitat de diversas especies, especialmente aves que anidan en sus ramas altas y encuentran refugio seguro en sus troncos.<\/h2>\n<p>[\/et_pb_text][\/et_pb_column][\/et_pb_row][\/et_pb_section][et_pb_section fb_built=\u00bb1&#8243; _builder_version=\u00bb4.23.1&#8243; _module_preset=\u00bbdefault\u00bb da_disable_devices=\u00bboff|off|off\u00bb global_colors_info=\u00bb{}\u00bb theme_builder_area=\u00bbpost_content\u00bb da_is_popup=\u00bboff\u00bb da_exit_intent=\u00bboff\u00bb da_has_close=\u00bbon\u00bb da_alt_close=\u00bboff\u00bb da_dark_close=\u00bboff\u00bb da_not_modal=\u00bbon\u00bb da_is_singular=\u00bboff\u00bb da_with_loader=\u00bboff\u00bb da_has_shadow=\u00bbon\u00bb][et_pb_row column_structure=\u00bb1_2,1_2&#8243; _builder_version=\u00bb4.23.1&#8243; _module_preset=\u00bbdefault\u00bb global_colors_info=\u00bb{}\u00bb theme_builder_area=\u00bbpost_content\u00bb][et_pb_column type=\u00bb1_2&#8243; _builder_version=\u00bb4.23.1&#8243; _module_preset=\u00bbdefault\u00bb global_colors_info=\u00bb{}\u00bb theme_builder_area=\u00bbpost_content\u00bb][et_pb_image src=\u00bbhttps:\/\/www.valledelcocora.com.co\/w\/wp-content\/uploads\/2024\/10\/clima-calido-cocora.png\u00bb title_text=\u00bbclima calido cocora\u00bb _builder_version=\u00bb4.23.1&#8243; _module_preset=\u00bbdefault\u00bb global_colors_info=\u00bb{}\u00bb theme_builder_area=\u00bbpost_content\u00bb][\/et_pb_image][\/et_pb_column][et_pb_column type=\u00bb1_2&#8243; _builder_version=\u00bb4.23.1&#8243; _module_preset=\u00bbdefault\u00bb global_colors_info=\u00bb{}\u00bb theme_builder_area=\u00bbpost_content\u00bb][et_pb_image src=\u00bbhttps:\/\/www.valledelcocora.com.co\/w\/wp-content\/uploads\/2024\/10\/clima-frio-cocora-1.png\u00bb title_text=\u00bbclima frio cocora 1&#8243; _builder_version=\u00bb4.23.1&#8243; _module_preset=\u00bbdefault\u00bb global_colors_info=\u00bb{}\u00bb theme_builder_area=\u00bbpost_content\u00bb][\/et_pb_image][\/et_pb_column][\/et_pb_row][\/et_pb_section][et_pb_section fb_built=\u00bb1&#8243; _builder_version=\u00bb4.23.1&#8243; _module_preset=\u00bbdefault\u00bb da_disable_devices=\u00bboff|off|off\u00bb global_colors_info=\u00bb{}\u00bb theme_builder_area=\u00bbpost_content\u00bb da_is_popup=\u00bboff\u00bb da_exit_intent=\u00bboff\u00bb da_has_close=\u00bbon\u00bb da_alt_close=\u00bboff\u00bb da_dark_close=\u00bboff\u00bb da_not_modal=\u00bbon\u00bb da_is_singular=\u00bboff\u00bb da_with_loader=\u00bboff\u00bb da_has_shadow=\u00bbon\u00bb][et_pb_row _builder_version=\u00bb4.23.1&#8243; _module_preset=\u00bbdefault\u00bb global_colors_info=\u00bb{}\u00bb theme_builder_area=\u00bbpost_content\u00bb][et_pb_column type=\u00bb4_4&#8243; _builder_version=\u00bb4.23.1&#8243; _module_preset=\u00bbdefault\u00bb global_colors_info=\u00bb{}\u00bb theme_builder_area=\u00bbpost_content\u00bb][et_pb_text _builder_version=\u00bb4.23.1&#8243; _module_preset=\u00bbdefault\u00bb hover_enabled=\u00bb0&#8243; global_colors_info=\u00bb{}\u00bb theme_builder_area=\u00bbpost_content\u00bb sticky_enabled=\u00bb0&#8243;]<\/p>\n<h1>Un Ecosistema en Peligro: La Urgencia de Proteger la Palma de Cera<\/h1>\n<p>A pesar de su fortaleza, la palma de cera se encuentra en peligro de extinci\u00f3n debido a la deforestaci\u00f3n, la explotaci\u00f3n agr\u00edcola y el uso de sus hojas en festividades religiosas. La p\u00e9rdida de estas palmas impacta directamente la biodiversidad del Valle del Cocora, especialmente a especies como el loro orejiamarillo (Ognorhynchus icterotis), que depende de ellas para alimentarse y anidar.<\/p>\n<p>La palma tambi\u00e9n contribuye a la regulaci\u00f3n de microclimas en el valle, retiene humedad en el suelo y ayuda a prevenir la erosi\u00f3n. Al visitar el Valle del Cocora, los turistas apoyan los esfuerzos de conservaci\u00f3n de esta especie, financiando proyectos y actividades que buscan preservar tanto a la palma como a su ecosistema.<\/p>\n<p><strong>Dato curioso:<\/strong> El loro orejiamarillo, que depende casi exclusivamente de la palma de cera, estuvo al borde de la extinci\u00f3n en los a\u00f1os 90, pero gracias a los programas de conservaci\u00f3n ha recuperado su poblaci\u00f3n.<\/p>\n<p>[\/et_pb_text][\/et_pb_column][\/et_pb_row][\/et_pb_section][et_pb_section fb_built=\u00bb1&#8243; _builder_version=\u00bb4.23.1&#8243; _module_preset=\u00bbdefault\u00bb da_disable_devices=\u00bboff|off|off\u00bb global_colors_info=\u00bb{}\u00bb theme_builder_area=\u00bbpost_content\u00bb da_is_popup=\u00bboff\u00bb da_exit_intent=\u00bboff\u00bb da_has_close=\u00bbon\u00bb da_alt_close=\u00bboff\u00bb da_dark_close=\u00bboff\u00bb da_not_modal=\u00bbon\u00bb da_is_singular=\u00bboff\u00bb da_with_loader=\u00bboff\u00bb da_has_shadow=\u00bbon\u00bb][et_pb_row _builder_version=\u00bb4.23.1&#8243; _module_preset=\u00bbdefault\u00bb global_colors_info=\u00bb{}\u00bb theme_builder_area=\u00bbpost_content\u00bb][et_pb_column type=\u00bb4_4&#8243; _builder_version=\u00bb4.23.1&#8243; _module_preset=\u00bbdefault\u00bb global_colors_info=\u00bb{}\u00bb theme_builder_area=\u00bbpost_content\u00bb][et_pb_image src=\u00bbhttps:\/\/www.valledelcocora.com.co\/w\/wp-content\/uploads\/2024\/05\/reserva-natural-acaime-3.jpg\u00bb title_text=\u00bbreserva-natural-acaime (3)\u00bb _builder_version=\u00bb4.23.1&#8243; _module_preset=\u00bbdefault\u00bb global_colors_info=\u00bb{}\u00bb theme_builder_area=\u00bbpost_content\u00bb][\/et_pb_image][\/et_pb_column][\/et_pb_row][et_pb_row _builder_version=\u00bb4.23.1&#8243; _module_preset=\u00bbdefault\u00bb global_colors_info=\u00bb{}\u00bb theme_builder_area=\u00bbpost_content\u00bb][et_pb_column type=\u00bb4_4&#8243; _builder_version=\u00bb4.23.1&#8243; _module_preset=\u00bbdefault\u00bb global_colors_info=\u00bb{}\u00bb theme_builder_area=\u00bbpost_content\u00bb][et_pb_image src=\u00bbhttps:\/\/www.valledelcocora.com.co\/w\/wp-content\/uploads\/2024\/01\/parque-palma-de-cera-01.jpg\u00bb _builder_version=\u00bb4.23.1&#8243; _module_preset=\u00bbdefault\u00bb theme_builder_area=\u00bbpost_content\u00bb title_text=\u00bbparque-palma-de-cera-01&#8243; hover_enabled=\u00bb0&#8243; sticky_enabled=\u00bb0&#8243;][\/et_pb_image][\/et_pb_column][\/et_pb_row][\/et_pb_section][et_pb_section fb_built=\u00bb1&#8243; _builder_version=\u00bb4.23.1&#8243; _module_preset=\u00bbdefault\u00bb da_disable_devices=\u00bboff|off|off\u00bb global_colors_info=\u00bb{}\u00bb theme_builder_area=\u00bbpost_content\u00bb da_is_popup=\u00bboff\u00bb da_exit_intent=\u00bboff\u00bb da_has_close=\u00bbon\u00bb da_alt_close=\u00bboff\u00bb da_dark_close=\u00bboff\u00bb da_not_modal=\u00bbon\u00bb da_is_singular=\u00bboff\u00bb da_with_loader=\u00bboff\u00bb da_has_shadow=\u00bbon\u00bb][et_pb_row _builder_version=\u00bb4.23.1&#8243; _module_preset=\u00bbdefault\u00bb global_colors_info=\u00bb{}\u00bb theme_builder_area=\u00bbpost_content\u00bb][et_pb_column type=\u00bb4_4&#8243; _builder_version=\u00bb4.23.1&#8243; _module_preset=\u00bbdefault\u00bb global_colors_info=\u00bb{}\u00bb theme_builder_area=\u00bbpost_content\u00bb][et_pb_text _builder_version=\u00bb4.23.1&#8243; _module_preset=\u00bbdefault\u00bb hover_enabled=\u00bb0&#8243; global_colors_info=\u00bb{}\u00bb theme_builder_area=\u00bbpost_content\u00bb link_option_url=\u00bbhttps:\/\/www.valledelcocora.com.co\/w\/producto\/experiencia-parque-de-la-palma-de-cera-ritual-y-siembra-de-la-palma-de-cera\/\u00bb sticky_enabled=\u00bb0&#8243;]<\/p>\n<h1>Participa en el Ritual de Siembra y S\u00e9 Parte de la Conservaci\u00f3n<\/h1>\n<p>En Bosques de Cocora \u2013 Donde Juan B, los visitantes tienen la oportunidad de participar en el \u00abRitual de Siembra\u00bb de la palma de cera. Este ritual es mucho m\u00e1s que plantar un \u00e1rbol; es un acto simb\u00f3lico de compromiso con la naturaleza y un recordatorio de la importancia de preservar nuestros recursos naturales para futuras generaciones. Durante el ritual, los participantes plantan una palma de cera bajo la gu\u00eda de expertos en conservaci\u00f3n y aprenden sobre la historia y el impacto ambiental de este ecosistema \u00fanico.<\/p>\n<p>Adem\u00e1s de ser una experiencia educativa, el Ritual de Siembra es una forma de devolverle al valle su riqueza y diversidad original. Cada palma plantada es una promesa de esperanza y un paso m\u00e1s hacia la restauraci\u00f3n de este ic\u00f3nico paisaje colombiano.<\/p>\n<p><strong>Dato curioso:<\/strong> Durante el ritual, los gu\u00edas explican c\u00f3mo la palma de cera contribuye al ciclo del agua en el Valle del Cocora, ayudando a retener la humedad y creando un microclima ideal para la fauna y flora del lugar.<\/p>\n<p>&nbsp;<\/p>\n<p>Ven a participar en\u00a0<a href=\"https:\/\/www.valledelcocora.com.co\/w\/producto\/experiencia-parque-de-la-palma-de-cera-ritual-y-siembra-de-la-palma-de-cera\/\">Experiencia Parque de la Palma de Cera Ritual y Siembra de la Palma de Cera | Sitio<\/a><\/p>\n<p>[\/et_pb_text][\/et_pb_column][\/et_pb_row][et_pb_row _builder_version=\u00bb4.23.1&#8243; _module_preset=\u00bbdefault\u00bb theme_builder_area=\u00bbpost_content\u00bb column_structure=\u00bb1_2,1_2&#8243;][et_pb_column _builder_version=\u00bb4.23.1&#8243; _module_preset=\u00bbdefault\u00bb type=\u00bb1_2&#8243; theme_builder_area=\u00bbpost_content\u00bb][et_pb_image src=\u00bbhttps:\/\/www.valledelcocora.com.co\/w\/wp-content\/uploads\/2024\/01\/parque-palma-de-cera-03.jpg\u00bb _builder_version=\u00bb4.23.1&#8243; _module_preset=\u00bbdefault\u00bb theme_builder_area=\u00bbpost_content\u00bb title_text=\u00bbparque-palma-de-cera-03&#8243; hover_enabled=\u00bb0&#8243; sticky_enabled=\u00bb0&#8243;][\/et_pb_image][\/et_pb_column][et_pb_column _builder_version=\u00bb4.23.1&#8243; _module_preset=\u00bbdefault\u00bb type=\u00bb1_2&#8243; theme_builder_area=\u00bbpost_content\u00bb][et_pb_image src=\u00bbhttps:\/\/www.valledelcocora.com.co\/w\/wp-content\/uploads\/2024\/01\/parque-palma-de-cera-02.jpg\u00bb _builder_version=\u00bb4.23.1&#8243; _module_preset=\u00bbdefault\u00bb theme_builder_area=\u00bbpost_content\u00bb title_text=\u00bbparque-palma-de-cera-02&#8243; hover_enabled=\u00bb0&#8243; sticky_enabled=\u00bb0&#8243;][\/et_pb_image][\/et_pb_column][\/et_pb_row][et_pb_row _builder_version=\u00bb4.23.1&#8243; _module_preset=\u00bbdefault\u00bb theme_builder_area=\u00bbpost_content\u00bb][et_pb_column _builder_version=\u00bb4.23.1&#8243; _module_preset=\u00bbdefault\u00bb type=\u00bb4_4&#8243; theme_builder_area=\u00bbpost_content\u00bb][et_pb_text _builder_version=\u00bb4.23.1&#8243; _module_preset=\u00bbdefault\u00bb theme_builder_area=\u00bbpost_content\u00bb hover_enabled=\u00bb0&#8243; sticky_enabled=\u00bb0&#8243;]<\/p>\n<h1>Un Encuentro Espiritual con la Naturaleza<\/h1>\n<p>Caminar entre las palmas de cera en el Valle del Cocora es una experiencia que invita a la introspecci\u00f3n y a la conexi\u00f3n espiritual con el entorno. Los senderos serpentean a trav\u00e9s de un paisaje de monta\u00f1as, r\u00edos y niebla, donde el susurro de las hojas y el canto de las aves crean una atm\u00f3sfera de paz y serenidad. Cada paso es una oportunidad para desconectar de la vida moderna y recordar que somos parte de algo mucho m\u00e1s grande.<\/p>\n<p>Este viaje al coraz\u00f3n del Valle del Cocora no es solo una excursi\u00f3n, sino una oportunidad para experimentar la majestuosidad de la naturaleza en su estado m\u00e1s puro. Los gigantes de cera nos ense\u00f1an sobre resistencia y fortaleza, record\u00e1ndonos que la naturaleza merece respeto y protecci\u00f3n.<\/p>\n<p>[\/et_pb_text][\/et_pb_column][\/et_pb_row][\/et_pb_section]<\/p>\n","protected":false},"excerpt":{"rendered":"<p>Explora el Valle del Cocora y marav\u00edllate con la Palma de Cera, s\u00edmbolo natural de Colombia y hogar de biodiversidad \u00fanica. Con\u00e9ctate con el esp\u00edritu de la naturaleza y \u00fanete a su conservaci\u00f3n.La Palma de Cera: Guardiana de los Andes y Monumento Natural &nbsp; El Valle del Cocora alberga la palma de cera (Ceroxylon quindiuense), [&hellip;]<\/p>\n","protected":false},"author":2,"featured_media":230802,"comment_status":"closed","ping_status":"open","sticky":false,"template":"","format":"standard","meta":{"_et_pb_use_builder":"on","_et_pb_old_content":"","_et_gb_content_width":"","_joinchat":[],"footnotes":""},"categories":[116,1],"tags":[95,110,92],"class_list":["post-232121","post","type-post","status-publish","format-standard","has-post-thumbnail","hentry","category-experiencias","category-uncategorized","tag-hospedaje","tag-naturaleza","tag-senderos"],"_links":{"self":[{"href":"https:\/\/www.valledelcocora.com.co\/w\/wp-json\/wp\/v2\/posts\/232121","targetHints":{"allow":["GET"]}}],"collection":[{"href":"https:\/\/www.valledelcocora.com.co\/w\/wp-json\/wp\/v2\/posts"}],"about":[{"href":"https:\/\/www.valledelcocora.com.co\/w\/wp-json\/wp\/v2\/types\/post"}],"author":[{"embeddable":true,"href":"https:\/\/www.valledelcocora.com.co\/w\/wp-json\/wp\/v2\/users\/2"}],"replies":[{"embeddable":true,"href":"https:\/\/www.valledelcocora.com.co\/w\/wp-json\/wp\/v2\/comments?post=232121"}],"version-history":[{"count":0,"href":"https:\/\/www.valledelcocora.com.co\/w\/wp-json\/wp\/v2\/posts\/232121\/revisions"}],"wp:featuredmedia":[{"embeddable":true,"href":"https:\/\/www.valledelcocora.com.co\/w\/wp-json\/wp\/v2\/media\/230802"}],"wp:attachment":[{"href":"https:\/\/www.valledelcocora.com.co\/w\/wp-json\/wp\/v2\/media?parent=232121"}],"wp:term":[{"taxonomy":"category","embeddable":true,"href":"https:\/\/www.valledelcocora.com.co\/w\/wp-json\/wp\/v2\/categories?post=232121"},{"taxonomy":"post_tag","embeddable":true,"href":"https:\/\/www.valledelcocora.com.co\/w\/wp-json\/wp\/v2\/tags?post=232121"}],"curies":[{"name":"wp","href":"https:\/\/api.w.org\/{rel}","templated":true}]}}