{"id":231960,"date":"2024-09-21T21:51:59","date_gmt":"2024-09-22T02:51:59","guid":{"rendered":"https:\/\/www.valledelcocora.com.co\/w\/?p=231960"},"modified":"2024-09-21T21:52:13","modified_gmt":"2024-09-22T02:52:13","slug":"celebramos-el-reconocimiento-a-nuestro-fundador-juan-bautista-jaramillo-en-la-feria-de-las-fiestas-de-la-palma-de-cera-en-salento","status":"publish","type":"post","link":"https:\/\/www.valledelcocora.com.co\/w\/celebramos-el-reconocimiento-a-nuestro-fundador-juan-bautista-jaramillo-en-la-feria-de-las-fiestas-de-la-palma-de-cera-en-salento\/","title":{"rendered":"\u00a1Celebramos el reconocimiento a nuestro fundador, Juan Bautista Jaramillo en la Feria de las Fiestas de la Palma de Cera en Salento!"},"content":{"rendered":"<p>[et_pb_section fb_built=\u00bb1&#8243; _builder_version=\u00bb4.23.1&#8243; _module_preset=\u00bbdefault\u00bb da_disable_devices=\u00bboff|off|off\u00bb global_colors_info=\u00bb{}\u00bb theme_builder_area=\u00bbpost_content\u00bb da_is_popup=\u00bboff\u00bb da_exit_intent=\u00bboff\u00bb da_has_close=\u00bbon\u00bb da_alt_close=\u00bboff\u00bb da_dark_close=\u00bboff\u00bb da_not_modal=\u00bbon\u00bb da_is_singular=\u00bboff\u00bb da_with_loader=\u00bboff\u00bb da_has_shadow=\u00bbon\u00bb][et_pb_row _builder_version=\u00bb4.23.1&#8243; _module_preset=\u00bbdefault\u00bb global_colors_info=\u00bb{}\u00bb theme_builder_area=\u00bbpost_content\u00bb][et_pb_column type=\u00bb4_4&#8243; _builder_version=\u00bb4.23.1&#8243; _module_preset=\u00bbdefault\u00bb global_colors_info=\u00bb{}\u00bb theme_builder_area=\u00bbpost_content\u00bb][et_pb_text _builder_version=\u00bb4.23.1&#8243; _module_preset=\u00bbdefault\u00bb hover_enabled=\u00bb0&#8243; global_colors_info=\u00bb{}\u00bb theme_builder_area=\u00bbpost_content\u00bb sticky_enabled=\u00bb0&#8243;]<\/p>\n<p>Salento, Quind\u00edo, tierra conocida por sus paisajes exuberantes y por ser el hogar de la majestuosa Palma de Cera, s\u00edmbolo nacional de Colombia, celebr\u00f3 con gran \u00e9xito las tradicionales Fiestas de la Palma de Cera. Este evento, que cada a\u00f1o re\u00fane a miles de visitantes, tuvo un momento especial en su edici\u00f3n m\u00e1s reciente: el reconocimiento a Don Juan B. conservador y pionero en la protecci\u00f3n de este invaluable tesoro natural.<\/p>\n<p>[\/et_pb_text][\/et_pb_column][\/et_pb_row][et_pb_row _builder_version=\u00bb4.23.1&#8243; _module_preset=\u00bbdefault\u00bb global_colors_info=\u00bb{}\u00bb theme_builder_area=\u00bbpost_content\u00bb][et_pb_column type=\u00bb4_4&#8243; _builder_version=\u00bb4.23.1&#8243; _module_preset=\u00bbdefault\u00bb global_colors_info=\u00bb{}\u00bb theme_builder_area=\u00bbpost_content\u00bb][et_pb_text _builder_version=\u00bb4.23.1&#8243; _module_preset=\u00bbdefault\u00bb hover_enabled=\u00bb0&#8243; global_colors_info=\u00bb{}\u00bb theme_builder_area=\u00bbpost_content\u00bb sticky_enabled=\u00bb0&#8243;]<\/p>\n<h1>Homenaje a un Guardi\u00e1n de la Naturaleza: Juan Bautista Jaramillo.<\/h1>\n<p>En el marco de la feria, e Juan B. fue galardonado por su incansable labor en la conservaci\u00f3n de la Palma de Cera, un \u00e1rbol en peligro de extinci\u00f3n que es vital para el ecosistema local en el Valle de Cocora. A lo largo de su vida, Juan B. ha trabajado de la mano con las comunidades locales y organizaciones ambientales para proteger esta especie, impulsando estrategias sostenibles y educativas.<\/p>\n<p>&nbsp;<\/p>\n<p>Este homenaje no solo reconoci\u00f3 su compromiso, sino tambi\u00e9n su papel clave en la preservaci\u00f3n del *Valle de Cocora, donde se encuentra la mayor concentraci\u00f3n de palmas de cera en el mundo. Gracias a personas como Juan B., Salento ha ganado reconocimiento como un ejemplo en la conservaci\u00f3n ambiental.<\/p>\n<p>[\/et_pb_text][\/et_pb_column][\/et_pb_row][\/et_pb_section][et_pb_section fb_built=\u00bb1&#8243; _builder_version=\u00bb4.23.1&#8243; _module_preset=\u00bbdefault\u00bb da_disable_devices=\u00bboff|off|off\u00bb global_colors_info=\u00bb{}\u00bb theme_builder_area=\u00bbpost_content\u00bb da_is_popup=\u00bboff\u00bb da_exit_intent=\u00bboff\u00bb da_has_close=\u00bbon\u00bb da_alt_close=\u00bboff\u00bb da_dark_close=\u00bboff\u00bb da_not_modal=\u00bbon\u00bb da_is_singular=\u00bboff\u00bb da_with_loader=\u00bboff\u00bb da_has_shadow=\u00bbon\u00bb][et_pb_row _builder_version=\u00bb4.23.1&#8243; _module_preset=\u00bbdefault\u00bb theme_builder_area=\u00bbpost_content\u00bb][et_pb_column _builder_version=\u00bb4.23.1&#8243; _module_preset=\u00bbdefault\u00bb type=\u00bb4_4&#8243; theme_builder_area=\u00bbpost_content\u00bb][et_pb_image src=\u00bbhttps:\/\/www.valledelcocora.com.co\/w\/wp-content\/uploads\/2024\/09\/reconocimiento-restaurante-3.jpeg\u00bb _builder_version=\u00bb4.23.1&#8243; _module_preset=\u00bbdefault\u00bb theme_builder_area=\u00bbpost_content\u00bb title_text=\u00bbreconocimiento restaurante 3&#8243; hover_enabled=\u00bb0&#8243; sticky_enabled=\u00bb0&#8243;][\/et_pb_image][\/et_pb_column][\/et_pb_row][\/et_pb_section][et_pb_section fb_built=\u00bb1&#8243; _builder_version=\u00bb4.23.1&#8243; _module_preset=\u00bbdefault\u00bb da_disable_devices=\u00bboff|off|off\u00bb global_colors_info=\u00bb{}\u00bb theme_builder_area=\u00bbpost_content\u00bb da_is_popup=\u00bboff\u00bb da_exit_intent=\u00bboff\u00bb da_has_close=\u00bbon\u00bb da_alt_close=\u00bboff\u00bb da_dark_close=\u00bboff\u00bb da_not_modal=\u00bbon\u00bb da_is_singular=\u00bboff\u00bb da_with_loader=\u00bboff\u00bb da_has_shadow=\u00bbon\u00bb][et_pb_row _builder_version=\u00bb4.23.1&#8243; _module_preset=\u00bbdefault\u00bb theme_builder_area=\u00bbpost_content\u00bb][et_pb_column _builder_version=\u00bb4.23.1&#8243; _module_preset=\u00bbdefault\u00bb type=\u00bb4_4&#8243; theme_builder_area=\u00bbpost_content\u00bb][et_pb_text _builder_version=\u00bb4.23.1&#8243; _module_preset=\u00bbdefault\u00bb theme_builder_area=\u00bbpost_content\u00bb hover_enabled=\u00bb0&#8243; sticky_enabled=\u00bb0&#8243;]<\/p>\n<h1><strong>Bosques de Cocora Donde JuanB: Naturaleza, Cultura y Sostenibilidad<\/strong><\/h1>\n<p>&nbsp;<\/p>\n<p>Uno de los puntos m\u00e1s destacados del legado de su legado, es su trabajo en Bosques de Cocora donde JuanB, un lugar que combina el respeto por la naturaleza con una experiencia tur\u00edstica inolvidable. En este espacio, los visitantes no solo pueden admirar la imponente Palma de Cera, sino tambi\u00e9n disfrutar de actividades como caminatas guiadas por senderos naturales y conocer m\u00e1s sobre la biodiversidad del Valle.<\/p>\n<p>&nbsp;<\/p>\n<p>Bosques de Cocora Donde JuanB ofrece experiencias \u00fanicas de inmersi\u00f3n en la naturaleza, con recorridos dise\u00f1ados para mostrar la belleza y la importancia de este fr\u00e1gil ecosistema. Adem\u00e1s, cuenta con un restaurante que ofrece platos t\u00edpicos de la regi\u00f3n, donde los visitantes pueden degustar la gastronom\u00eda local mientras disfrutan de las incre\u00edbles vistas.<\/p>\n<p>&nbsp;<\/p>\n<p>Si buscas una experiencia completa en el Valle de Cocora, Donde JuanB lo tenemos todo, tambi\u00e9n ofrecemos opciones de hospedaje y camping, lo que permite a los turistas explorar a fondo el \u00e1rea, conocer m\u00e1s sobre la Palma de Cera y disfrutar del encanto de Salento y el Valle de Cocora<\/p>\n<p>&nbsp;<\/p>\n<p>[\/et_pb_text][\/et_pb_column][\/et_pb_row][\/et_pb_section][et_pb_section fb_built=\u00bb1&#8243; _builder_version=\u00bb4.23.1&#8243; _module_preset=\u00bbdefault\u00bb da_disable_devices=\u00bboff|off|off\u00bb global_colors_info=\u00bb{}\u00bb theme_builder_area=\u00bbpost_content\u00bb da_is_popup=\u00bboff\u00bb da_exit_intent=\u00bboff\u00bb da_has_close=\u00bbon\u00bb da_alt_close=\u00bboff\u00bb da_dark_close=\u00bboff\u00bb da_not_modal=\u00bbon\u00bb da_is_singular=\u00bboff\u00bb da_with_loader=\u00bboff\u00bb da_has_shadow=\u00bbon\u00bb][et_pb_row _builder_version=\u00bb4.23.1&#8243; _module_preset=\u00bbdefault\u00bb theme_builder_area=\u00bbpost_content\u00bb][et_pb_column _builder_version=\u00bb4.23.1&#8243; _module_preset=\u00bbdefault\u00bb type=\u00bb4_4&#8243; theme_builder_area=\u00bbpost_content\u00bb][et_pb_image src=\u00bbhttps:\/\/www.valledelcocora.com.co\/w\/wp-content\/uploads\/2024\/09\/reconocimiento-restaurante-2.jpeg\u00bb _builder_version=\u00bb4.23.1&#8243; _module_preset=\u00bbdefault\u00bb theme_builder_area=\u00bbpost_content\u00bb title_text=\u00bbreconocimiento restaurante 2&#8243; hover_enabled=\u00bb0&#8243; sticky_enabled=\u00bb0&#8243;][\/et_pb_image][\/et_pb_column][\/et_pb_row][\/et_pb_section][et_pb_section fb_built=\u00bb1&#8243; _builder_version=\u00bb4.23.1&#8243; _module_preset=\u00bbdefault\u00bb da_disable_devices=\u00bboff|off|off\u00bb global_colors_info=\u00bb{}\u00bb theme_builder_area=\u00bbpost_content\u00bb da_is_popup=\u00bboff\u00bb da_exit_intent=\u00bboff\u00bb da_has_close=\u00bbon\u00bb da_alt_close=\u00bboff\u00bb da_dark_close=\u00bboff\u00bb da_not_modal=\u00bbon\u00bb da_is_singular=\u00bboff\u00bb da_with_loader=\u00bboff\u00bb da_has_shadow=\u00bbon\u00bb][et_pb_row _builder_version=\u00bb4.23.1&#8243; _module_preset=\u00bbdefault\u00bb global_colors_info=\u00bb{}\u00bb theme_builder_area=\u00bbpost_content\u00bb][et_pb_column type=\u00bb4_4&#8243; _builder_version=\u00bb4.23.1&#8243; _module_preset=\u00bbdefault\u00bb global_colors_info=\u00bb{}\u00bb theme_builder_area=\u00bbpost_content\u00bb][et_pb_text _builder_version=\u00bb4.23.1&#8243; _module_preset=\u00bbdefault\u00bb hover_enabled=\u00bb0&#8243; global_colors_info=\u00bb{}\u00bb theme_builder_area=\u00bbpost_content\u00bb sticky_enabled=\u00bb0&#8243;]<\/p>\n<h1>Un Llamado a la Acci\u00f3n: Protejamos la Palma de Cera<\/h1>\n<p>El reconocimiento a Juan B. es un recordatorio de que todos podemos aportar a la conservaci\u00f3n de la naturaleza. La Palma de Cera no solo es un s\u00edmbolo nacional, sino una especie clave para el equilibrio ecol\u00f3gico del Valle de Cocora, hogar de especies emblem\u00e1ticas como el c\u00f3ndor de los andes.<\/p>\n<p>Visitar lugares como Bosques de Cocora Donde JuanB, es una oportunidad para disfrutar del turismo ecol\u00f3gico, que promueve el respeto por la naturaleza y la sostenibilidad. Al hacerlo, contribuimos a la preservaci\u00f3n de este recurso natural para que las futuras generaciones tambi\u00e9n puedan maravillarse con la \u00a0Palma de Cera.<\/p>\n<p>[\/et_pb_text][\/et_pb_column][\/et_pb_row][\/et_pb_section][et_pb_section fb_built=\u00bb1&#8243; _builder_version=\u00bb4.23.1&#8243; _module_preset=\u00bbdefault\u00bb da_disable_devices=\u00bboff|off|off\u00bb global_colors_info=\u00bb{}\u00bb theme_builder_area=\u00bbpost_content\u00bb da_is_popup=\u00bboff\u00bb da_exit_intent=\u00bboff\u00bb da_has_close=\u00bbon\u00bb da_alt_close=\u00bboff\u00bb da_dark_close=\u00bboff\u00bb da_not_modal=\u00bbon\u00bb da_is_singular=\u00bboff\u00bb da_with_loader=\u00bboff\u00bb da_has_shadow=\u00bbon\u00bb][et_pb_row _builder_version=\u00bb4.23.1&#8243; _module_preset=\u00bbdefault\u00bb theme_builder_area=\u00bbpost_content\u00bb column_structure=\u00bb1_2,1_2&#8243;][et_pb_column _builder_version=\u00bb4.23.1&#8243; _module_preset=\u00bbdefault\u00bb type=\u00bb1_2&#8243; theme_builder_area=\u00bbpost_content\u00bb][et_pb_image src=\u00bbhttps:\/\/www.valledelcocora.com.co\/w\/wp-content\/uploads\/2024\/09\/reconocimiento-restaurante-4.jpeg\u00bb _builder_version=\u00bb4.23.1&#8243; _module_preset=\u00bbdefault\u00bb theme_builder_area=\u00bbpost_content\u00bb title_text=\u00bbreconocimiento restaurante 4&#8243; hover_enabled=\u00bb0&#8243; sticky_enabled=\u00bb0&#8243;][\/et_pb_image][\/et_pb_column][et_pb_column _builder_version=\u00bb4.23.1&#8243; _module_preset=\u00bbdefault\u00bb type=\u00bb1_2&#8243; theme_builder_area=\u00bbpost_content\u00bb][et_pb_image src=\u00bbhttps:\/\/www.valledelcocora.com.co\/w\/wp-content\/uploads\/2024\/06\/valledelcocora-mirador-de-palmas-caminantes_4.jpg\u00bb _builder_version=\u00bb4.23.1&#8243; _module_preset=\u00bbdefault\u00bb theme_builder_area=\u00bbpost_content\u00bb title_text=\u00bbvalledelcocora-mirador-de-palmas-caminantes_4&#8243; hover_enabled=\u00bb0&#8243; sticky_enabled=\u00bb0&#8243;][\/et_pb_image][\/et_pb_column][\/et_pb_row][\/et_pb_section]<\/p>\n","protected":false},"excerpt":{"rendered":"<p>Salento, Quind\u00edo, tierra conocida por sus paisajes exuberantes y por ser el hogar de la majestuosa Palma de Cera, s\u00edmbolo nacional de Colombia, celebr\u00f3 con gran \u00e9xito las tradicionales Fiestas de la Palma de Cera. Este evento, que cada a\u00f1o re\u00fane a miles de visitantes, tuvo un momento especial en su edici\u00f3n m\u00e1s reciente: el [&hellip;]<\/p>\n","protected":false},"author":2,"featured_media":231968,"comment_status":"closed","ping_status":"open","sticky":false,"template":"","format":"standard","meta":{"_et_pb_use_builder":"on","_et_pb_old_content":"","_et_gb_content_width":"","_joinchat":[],"footnotes":""},"categories":[116,1],"tags":[],"class_list":["post-231960","post","type-post","status-publish","format-standard","has-post-thumbnail","hentry","category-experiencias","category-uncategorized"],"_links":{"self":[{"href":"https:\/\/www.valledelcocora.com.co\/w\/wp-json\/wp\/v2\/posts\/231960","targetHints":{"allow":["GET"]}}],"collection":[{"href":"https:\/\/www.valledelcocora.com.co\/w\/wp-json\/wp\/v2\/posts"}],"about":[{"href":"https:\/\/www.valledelcocora.com.co\/w\/wp-json\/wp\/v2\/types\/post"}],"author":[{"embeddable":true,"href":"https:\/\/www.valledelcocora.com.co\/w\/wp-json\/wp\/v2\/users\/2"}],"replies":[{"embeddable":true,"href":"https:\/\/www.valledelcocora.com.co\/w\/wp-json\/wp\/v2\/comments?post=231960"}],"version-history":[{"count":0,"href":"https:\/\/www.valledelcocora.com.co\/w\/wp-json\/wp\/v2\/posts\/231960\/revisions"}],"wp:featuredmedia":[{"embeddable":true,"href":"https:\/\/www.valledelcocora.com.co\/w\/wp-json\/wp\/v2\/media\/231968"}],"wp:attachment":[{"href":"https:\/\/www.valledelcocora.com.co\/w\/wp-json\/wp\/v2\/media?parent=231960"}],"wp:term":[{"taxonomy":"category","embeddable":true,"href":"https:\/\/www.valledelcocora.com.co\/w\/wp-json\/wp\/v2\/categories?post=231960"},{"taxonomy":"post_tag","embeddable":true,"href":"https:\/\/www.valledelcocora.com.co\/w\/wp-json\/wp\/v2\/tags?post=231960"}],"curies":[{"name":"wp","href":"https:\/\/api.w.org\/{rel}","templated":true}]}}