{"id":231224,"date":"2024-05-16T23:59:03","date_gmt":"2024-05-17T04:59:03","guid":{"rendered":"https:\/\/www.valledelcocora.com.co\/w\/?p=231224"},"modified":"2024-05-16T23:59:09","modified_gmt":"2024-05-17T04:59:09","slug":"hospedaje-valle-del-cocora","status":"publish","type":"post","link":"https:\/\/www.valledelcocora.com.co\/w\/hospedaje-valle-del-cocora\/","title":{"rendered":"Hospedaje Valle del Cocora"},"content":{"rendered":"\n<p>Si quieres vivir una experiencia inolvidable en medio del paisaje natural y rodeado del \u00e1rbol emblem\u00e1tico de Colombia (la Palma de cera), en la zona donde amortigua el Parque Nacional de los Nevados, te invitamos a que nos visites y te deleites del mejor paisaje que puede brindar nuestra regi\u00f3n, El Valle de Cocora.<\/p>\n\n\n\n<p>Depende de ti como lo quieres vivir, al aire libre en Glampin o Camping  y tambi\u00e9n bajo el techo de una finca tradicional, donde sus pisos en madera evocan tiempos memorables de nuestra cultura cafetera.<\/p>\n\n\n\n<p><\/p>\n\n\n\n<p><\/p>\n\n\n\n<h2 class=\"wp-block-heading has-text-align-center has-large-font-size\"><strong>Alojamiento al aire libre<\/strong><\/h2>\n\n\n\n<p class=\"has-text-align-center has-large-font-size\">Glamping<\/p>\n\n\n\n<p><\/p>\n\n\n\n<figure class=\"wp-block-gallery has-nested-images columns-default is-cropped wp-block-gallery-1 is-layout-flex wp-block-gallery-is-layout-flex\">\n<figure class=\"wp-block-image size-large\"><img loading=\"lazy\" decoding=\"async\" width=\"600\" height=\"800\" data-id=\"231258\" src=\"https:\/\/www.valledelcocora.com.co\/w\/wp-content\/uploads\/2024\/05\/valledelcocora-glamping-familiar-1.jpg\" alt=\"\" class=\"wp-image-231258\" srcset=\"https:\/\/www.valledelcocora.com.co\/w\/wp-content\/uploads\/2024\/05\/valledelcocora-glamping-familiar-1.jpg 600w, https:\/\/www.valledelcocora.com.co\/w\/wp-content\/uploads\/2024\/05\/valledelcocora-glamping-familiar-1-480x640.jpg 480w\" sizes=\"(min-width: 0px) and (max-width: 480px) 480px, (min-width: 481px) 600px, 100vw\" \/><\/figure>\n\n\n\n<figure class=\"wp-block-image size-large\"><img loading=\"lazy\" decoding=\"async\" width=\"685\" height=\"687\" data-id=\"231261\" src=\"https:\/\/www.valledelcocora.com.co\/w\/wp-content\/uploads\/2024\/05\/glamping-familiar-01-1.jpg\" alt=\"\" class=\"wp-image-231261\" srcset=\"https:\/\/www.valledelcocora.com.co\/w\/wp-content\/uploads\/2024\/05\/glamping-familiar-01-1.jpg 685w, https:\/\/www.valledelcocora.com.co\/w\/wp-content\/uploads\/2024\/05\/glamping-familiar-01-1-480x481.jpg 480w\" sizes=\"(min-width: 0px) and (max-width: 480px) 480px, (min-width: 481px) 685px, 100vw\" \/><\/figure>\n\n\n\n<figure class=\"wp-block-image size-large\"><img loading=\"lazy\" decoding=\"async\" width=\"686\" height=\"683\" data-id=\"231260\" src=\"https:\/\/www.valledelcocora.com.co\/w\/wp-content\/uploads\/2024\/05\/glamping-familiar-03-1.jpg\" alt=\"\" class=\"wp-image-231260\" srcset=\"https:\/\/www.valledelcocora.com.co\/w\/wp-content\/uploads\/2024\/05\/glamping-familiar-03-1.jpg 686w, https:\/\/www.valledelcocora.com.co\/w\/wp-content\/uploads\/2024\/05\/glamping-familiar-03-1-480x478.jpg 480w\" sizes=\"(min-width: 0px) and (max-width: 480px) 480px, (min-width: 481px) 686px, 100vw\" \/><\/figure>\n<\/figure>\n\n\n\n<p><\/p>\n\n\n\n<h2 class=\"wp-block-heading has-text-align-center has-large-font-size\">Camping<\/h2>\n\n\n\n<p><\/p>\n\n\n\n<figure class=\"wp-block-gallery has-nested-images columns-default is-cropped wp-block-gallery-2 is-layout-flex wp-block-gallery-is-layout-flex\">\n<figure class=\"wp-block-image size-large\"><img loading=\"lazy\" decoding=\"async\" width=\"800\" height=\"600\" data-id=\"231255\" src=\"https:\/\/www.valledelcocora.com.co\/w\/wp-content\/uploads\/2024\/05\/valledelcocora-zona-camping_6.jpg\" alt=\"\" class=\"wp-image-231255\" srcset=\"https:\/\/www.valledelcocora.com.co\/w\/wp-content\/uploads\/2024\/05\/valledelcocora-zona-camping_6.jpg 800w, https:\/\/www.valledelcocora.com.co\/w\/wp-content\/uploads\/2024\/05\/valledelcocora-zona-camping_6-480x360.jpg 480w\" sizes=\"(min-width: 0px) and (max-width: 480px) 480px, (min-width: 481px) 800px, 100vw\" \/><\/figure>\n\n\n\n<figure class=\"wp-block-image size-large\"><img loading=\"lazy\" decoding=\"async\" width=\"684\" height=\"682\" data-id=\"231256\" src=\"https:\/\/www.valledelcocora.com.co\/w\/wp-content\/uploads\/2024\/05\/zona-camping-01.jpg\" alt=\"\" class=\"wp-image-231256\" srcset=\"https:\/\/www.valledelcocora.com.co\/w\/wp-content\/uploads\/2024\/05\/zona-camping-01.jpg 684w, https:\/\/www.valledelcocora.com.co\/w\/wp-content\/uploads\/2024\/05\/zona-camping-01-480x479.jpg 480w\" sizes=\"(min-width: 0px) and (max-width: 480px) 480px, (min-width: 481px) 684px, 100vw\" \/><\/figure>\n\n\n\n<figure class=\"wp-block-image size-large\"><img loading=\"lazy\" decoding=\"async\" width=\"800\" height=\"600\" data-id=\"231257\" src=\"https:\/\/www.valledelcocora.com.co\/w\/wp-content\/uploads\/2024\/05\/valledelcocora-zona-camping_4.jpg\" alt=\"\" class=\"wp-image-231257\" srcset=\"https:\/\/www.valledelcocora.com.co\/w\/wp-content\/uploads\/2024\/05\/valledelcocora-zona-camping_4.jpg 800w, https:\/\/www.valledelcocora.com.co\/w\/wp-content\/uploads\/2024\/05\/valledelcocora-zona-camping_4-480x360.jpg 480w\" sizes=\"(min-width: 0px) and (max-width: 480px) 480px, (min-width: 481px) 800px, 100vw\" \/><\/figure>\n<\/figure>\n\n\n\n<p><\/p>\n\n\n\n<p class=\"has-text-align-center has-large-font-size\">Finca San Jose Valle del Cocora<\/p>\n\n\n\n<figure class=\"wp-block-gallery has-nested-images columns-default is-cropped wp-block-gallery-3 is-layout-flex wp-block-gallery-is-layout-flex\">\n<figure class=\"wp-block-image size-large\"><img loading=\"lazy\" decoding=\"async\" width=\"600\" height=\"800\" data-id=\"231264\" src=\"https:\/\/www.valledelcocora.com.co\/w\/wp-content\/uploads\/2024\/05\/valledelcocora-hospedaje-en-finca_3.jpg\" alt=\"\" class=\"wp-image-231264\" srcset=\"https:\/\/www.valledelcocora.com.co\/w\/wp-content\/uploads\/2024\/05\/valledelcocora-hospedaje-en-finca_3.jpg 600w, https:\/\/www.valledelcocora.com.co\/w\/wp-content\/uploads\/2024\/05\/valledelcocora-hospedaje-en-finca_3-480x640.jpg 480w\" sizes=\"(min-width: 0px) and (max-width: 480px) 480px, (min-width: 481px) 600px, 100vw\" \/><\/figure>\n\n\n\n<figure class=\"wp-block-image size-large\"><img loading=\"lazy\" decoding=\"async\" width=\"686\" height=\"684\" data-id=\"231265\" src=\"https:\/\/www.valledelcocora.com.co\/w\/wp-content\/uploads\/2024\/05\/finca-01.jpg\" alt=\"\" class=\"wp-image-231265\" srcset=\"https:\/\/www.valledelcocora.com.co\/w\/wp-content\/uploads\/2024\/05\/finca-01.jpg 686w, https:\/\/www.valledelcocora.com.co\/w\/wp-content\/uploads\/2024\/05\/finca-01-480x479.jpg 480w\" sizes=\"(min-width: 0px) and (max-width: 480px) 480px, (min-width: 481px) 686px, 100vw\" \/><\/figure>\n\n\n\n<figure class=\"wp-block-image size-full\"><img loading=\"lazy\" decoding=\"async\" width=\"685\" height=\"683\" data-id=\"231273\" src=\"https:\/\/www.valledelcocora.com.co\/w\/wp-content\/uploads\/2024\/05\/finca-02-1.jpg\" alt=\"\" class=\"wp-image-231273\" srcset=\"https:\/\/www.valledelcocora.com.co\/w\/wp-content\/uploads\/2024\/05\/finca-02-1.jpg 685w, https:\/\/www.valledelcocora.com.co\/w\/wp-content\/uploads\/2024\/05\/finca-02-1-480x479.jpg 480w\" sizes=\"(min-width: 0px) and (max-width: 480px) 480px, (min-width: 481px) 685px, 100vw\" \/><\/figure>\n\n\n\n<figure class=\"wp-block-image size-large\"><img loading=\"lazy\" decoding=\"async\" width=\"600\" height=\"800\" data-id=\"231262\" src=\"https:\/\/www.valledelcocora.com.co\/w\/wp-content\/uploads\/2024\/05\/valledelcocora-hospedaje-en-finca_4.jpg\" alt=\"\" class=\"wp-image-231262\" srcset=\"https:\/\/www.valledelcocora.com.co\/w\/wp-content\/uploads\/2024\/05\/valledelcocora-hospedaje-en-finca_4.jpg 600w, https:\/\/www.valledelcocora.com.co\/w\/wp-content\/uploads\/2024\/05\/valledelcocora-hospedaje-en-finca_4-480x640.jpg 480w\" sizes=\"(min-width: 0px) and (max-width: 480px) 480px, (min-width: 481px) 600px, 100vw\" \/><\/figure>\n<\/figure>\n\n\n\n<p><\/p>\n\n\n\n<p><\/p>\n","protected":false},"excerpt":{"rendered":"<p>Si quieres vivir una experiencia inolvidable en medio del paisaje natural y rodeado del \u00e1rbol emblem\u00e1tico de Colombia (la Palma de cera), en la zona donde amortigua el Parque Nacional de los Nevados, te invitamos a que nos visites y te deleites del mejor paisaje que puede brindar nuestra regi\u00f3n, El Valle de Cocora. Depende [&hellip;]<\/p>\n","protected":false},"author":2,"featured_media":231199,"comment_status":"closed","ping_status":"open","sticky":false,"template":"","format":"standard","meta":{"_et_pb_use_builder":"off","_et_pb_old_content":"<!-- wp:paragraph -->\n<p>Sum\u00e9rgete en la belleza natural del Valle del Cocora, un destino que encanta a los amantes de la aventura y la naturaleza. En este art\u00edculo, te llevaremos a descubrir los senderos m\u00e1s fascinantes que este para\u00edso colombiano tiene para ofrecer.<\/p>\n<!-- \/wp:paragraph -->\n\n<!-- wp:heading {\"style\":{\"elements\":{\"link\":{\"color\":{\"text\":\"var:preset|color|black\"}}}},\"textColor\":\"black\"} -->\n<h2 class=\"wp-block-heading has-black-color has-text-color has-link-color\"><strong>1. Sendero de las Palmas de Cera<\/strong><\/h2>\n<!-- \/wp:heading -->\n\n<!-- wp:paragraph -->\n<p>Emb\u00e1rcate en una experiencia \u00fanica al caminar entre las emblem\u00e1ticas palmas de cera, el \u00e1rbol nacional de Colombia. Este sendero te llevar\u00e1 a trav\u00e9s de exuberantes bosques nublados, revelando panor\u00e1micas impresionantes del valle y sus imponentes monta\u00f1as.<\/p>\n<!-- \/wp:paragraph -->\n\n<!-- wp:heading {\"style\":{\"elements\":{\"link\":{\"color\":{\"text\":\"var:preset|color|black\"}}}},\"textColor\":\"black\"} -->\n<h2 class=\"wp-block-heading has-black-color has-text-color has-link-color\"><strong>2. Camino al Acaime<\/strong><\/h2>\n<!-- \/wp:heading -->\n\n<!-- wp:paragraph -->\n<p>Prep\u00e1rate para una caminata inolvidable hasta la Casa de los Colibr\u00edes, conocida localmente como Acaime. Este sendero te sorprender\u00e1 con su diversidad de aves y flora mientras te sumerges en la tranquilidad de la naturaleza.<\/p>\n<!-- \/wp:paragraph -->\n\n<!-- wp:heading {\"style\":{\"elements\":{\"link\":{\"color\":{\"text\":\"var:preset|color|black\"}}}},\"textColor\":\"black\"} -->\n<h2 class=\"wp-block-heading has-black-color has-text-color has-link-color\"><strong>3. Ruta hacia el Mirador de La Monta\u00f1a<\/strong><\/h2>\n<!-- \/wp:heading -->\n\n<!-- wp:paragraph -->\n<p>Siente la emoci\u00f3n al conquistar alturas en esta ruta desafiante hacia el Mirador de La Monta\u00f1a. Al alcanzar la cima, ser\u00e1s recompensado con vistas panor\u00e1micas que te dejar\u00e1n sin aliento, ofreciendo la oportunidad perfecta para capturar fotograf\u00edas memorables.<\/p>\n<!-- \/wp:paragraph -->\n\n<!-- wp:paragraph -->\n<p>Explorar el Valle del Cocora a trav\u00e9s de sus senderos es una experiencia que no se puede perder. Ya sea que seas un aventurero experimentado o un amante de la naturaleza en busca de serenidad, estos senderos te invitan a descubrir la belleza \u00fanica de este rinc\u00f3n del mundo.<\/p>\n<!-- \/wp:paragraph -->","_et_gb_content_width":"","_joinchat":[],"footnotes":""},"categories":[1],"tags":[95],"class_list":["post-231224","post","type-post","status-publish","format-standard","has-post-thumbnail","hentry","category-uncategorized","tag-hospedaje"],"_links":{"self":[{"href":"https:\/\/www.valledelcocora.com.co\/w\/wp-json\/wp\/v2\/posts\/231224","targetHints":{"allow":["GET"]}}],"collection":[{"href":"https:\/\/www.valledelcocora.com.co\/w\/wp-json\/wp\/v2\/posts"}],"about":[{"href":"https:\/\/www.valledelcocora.com.co\/w\/wp-json\/wp\/v2\/types\/post"}],"author":[{"embeddable":true,"href":"https:\/\/www.valledelcocora.com.co\/w\/wp-json\/wp\/v2\/users\/2"}],"replies":[{"embeddable":true,"href":"https:\/\/www.valledelcocora.com.co\/w\/wp-json\/wp\/v2\/comments?post=231224"}],"version-history":[{"count":0,"href":"https:\/\/www.valledelcocora.com.co\/w\/wp-json\/wp\/v2\/posts\/231224\/revisions"}],"wp:featuredmedia":[{"embeddable":true,"href":"https:\/\/www.valledelcocora.com.co\/w\/wp-json\/wp\/v2\/media\/231199"}],"wp:attachment":[{"href":"https:\/\/www.valledelcocora.com.co\/w\/wp-json\/wp\/v2\/media?parent=231224"}],"wp:term":[{"taxonomy":"category","embeddable":true,"href":"https:\/\/www.valledelcocora.com.co\/w\/wp-json\/wp\/v2\/categories?post=231224"},{"taxonomy":"post_tag","embeddable":true,"href":"https:\/\/www.valledelcocora.com.co\/w\/wp-json\/wp\/v2\/tags?post=231224"}],"curies":[{"name":"wp","href":"https:\/\/api.w.org\/{rel}","templated":true}]}}